{"id":609,"date":"2024-06-06T14:08:45","date_gmt":"2024-06-06T14:08:45","guid":{"rendered":"https:\/\/sandbox.escueladoblajealicante.com\/?p=609"},"modified":"2024-06-06T14:10:47","modified_gmt":"2024-06-06T14:10:47","slug":"pilar-coronado","status":"publish","type":"post","link":"https:\/\/www.escueladoblajealicante.com\/en\/pilar-coronado\/","title":{"rendered":"Pilar Coronado"},"content":{"rendered":"<div data-elementor-type=\"wp-post\" data-elementor-id=\"609\" class=\"elementor elementor-609\">\n\t\t\t\t<div class=\"elementor-element elementor-element-0f6bfae e-flex e-con-boxed cmsmasters-block-default e-con e-parent\" data-id=\"0f6bfae\" data-element_type=\"container\" data-e-type=\"container\">\n\t\t\t\t\t<div class=\"e-con-inner\">\n\t\t<div class=\"elementor-element elementor-element-979b576 e-con-full e-flex cmsmasters-block-default e-con e-child\" data-id=\"979b576\" data-element_type=\"container\" data-e-type=\"container\">\n\t\t\t\t<div class=\"elementor-element elementor-element-2c725a6 cmsmasters-block-default cmsmasters-sticky-default elementor-widget elementor-widget-image\" data-id=\"2c725a6\" data-element_type=\"widget\" data-e-type=\"widget\" data-widget_type=\"image.default\">\n\t\t\t\t<div class=\"elementor-widget-container\">\n\t\t\t\t\t\t\t\t\t\t\t\t\t\t\t<img fetchpriority=\"high\" decoding=\"async\" width=\"275\" height=\"300\" src=\"https:\/\/www.escueladoblajealicante.com\/wp-content\/uploads\/2024\/06\/Pilar-Coronado-PROFESORA-EDA-e1717683036186-275x300.jpg\" class=\"attachment-medium size-medium wp-image-611\" alt=\"\" srcset=\"https:\/\/www.escueladoblajealicante.com\/wp-content\/uploads\/2024\/06\/Pilar-Coronado-PROFESORA-EDA-e1717683036186-275x300.jpg 275w, https:\/\/www.escueladoblajealicante.com\/wp-content\/uploads\/2024\/06\/Pilar-Coronado-PROFESORA-EDA-e1717683036186-300x327.jpg 300w, https:\/\/www.escueladoblajealicante.com\/wp-content\/uploads\/2024\/06\/Pilar-Coronado-PROFESORA-EDA-e1717683036186.jpg 565w\" sizes=\"(max-width: 275px) 100vw, 275px\" \/>\t\t\t\t\t\t\t\t\t\t\t\t\t\t\t<\/div>\n\t\t\t\t<\/div>\n\t\t\t\t<\/div>\n\t\t<div class=\"elementor-element elementor-element-2f8ccb6 e-con-full e-flex cmsmasters-block-default e-con e-child\" data-id=\"2f8ccb6\" data-element_type=\"container\" data-e-type=\"container\">\n\t\t\t\t<div class=\"elementor-element elementor-element-c1c9a6b cmsmasters-block-default cmsmasters-sticky-default elementor-widget elementor-widget-heading\" data-id=\"c1c9a6b\" data-element_type=\"widget\" data-e-type=\"widget\" data-widget_type=\"heading.default\">\n\t\t\t\t<div class=\"elementor-widget-container\">\n\t\t\t\t\t<h2 class=\"elementor-heading-title elementor-size-default\">Pilar Coronado<\/h2>\t\t\t\t<\/div>\n\t\t\t\t<\/div>\n\t\t\t\t<div class=\"elementor-element elementor-element-61ee59c cmsmasters-block-default cmsmasters-sticky-default elementor-widget elementor-widget-text-editor\" data-id=\"61ee59c\" data-element_type=\"widget\" data-e-type=\"widget\" data-widget_type=\"text-editor.default\">\n\t\t\t\t<div class=\"elementor-widget-container\">\n\t\t\t\t\t\t\t\t\t<p style=\"text-align: justify;\">Pilar tiene en su haber m\u00e1s de 30 a\u00f1os en la industria de la interpretaci\u00f3n y el doblaje.<\/p><p style=\"text-align: justify;\">En la peque\u00f1a pantalla la hemos podido ver en los m\u00edticos Barrio S\u00e9samo o Los Mundos de Yupi. En el cine la hemos podido ver en pel\u00edculas como \u00abEl disputado voto del se\u00f1or Cayo\u00bb, \u00abExtramuros\u00bb, \u00abEl Elegido\u00bb y alguna m\u00e1s.<\/p><p style=\"text-align: justify;\">En doblaje, son infinitas sus participaciones en pel\u00edculas, series, videojuegos&#8230; Pero sin duda, uno de los personajes que m\u00e1s han marcado nuestro recuerdo ha sido interpretando a Steve Urkel (Jaleel White) en \u00abCosas de casa\u00bb o Jesse (Jason James Richter) en \u201cLiberad a Willy\u201d.<\/p><p style=\"text-align: justify;\">Con todo este bagaje es un enorme placer para todos nosotros poder contar con Pilar como profesora en la escuela y disfrutar de su talento, conocimiento de la profesi\u00f3n y su ense\u00f1anza.<\/p>\t\t\t\t\t\t\t\t<\/div>\n\t\t\t\t<\/div>\n\t\t\t\t<\/div>\n\t\t\t\t\t<\/div>\n\t\t\t\t<\/div>\n\t\t\t\t<\/div>","protected":false},"excerpt":{"rendered":"<p>Pilar Coronado Pilar tiene en su haber m\u00e1s de 30 a\u00f1os en la industria de la interpretaci\u00f3n y el doblaje. En la peque\u00f1a pantalla la hemos podido ver en los&#8230;<\/p>","protected":false},"author":1,"featured_media":611,"comment_status":"closed","ping_status":"closed","sticky":false,"template":"elementor_header_footer","format":"standard","meta":{"_acf_changed":false,"inline_featured_image":false,"footnotes":""},"categories":[27],"tags":[],"class_list":["post-609","post","type-post","status-publish","format-standard","has-post-thumbnail","hentry","category-profesor"],"acf":[],"_links":{"self":[{"href":"https:\/\/www.escueladoblajealicante.com\/en\/wp-json\/wp\/v2\/posts\/609","targetHints":{"allow":["GET"]}}],"collection":[{"href":"https:\/\/www.escueladoblajealicante.com\/en\/wp-json\/wp\/v2\/posts"}],"about":[{"href":"https:\/\/www.escueladoblajealicante.com\/en\/wp-json\/wp\/v2\/types\/post"}],"author":[{"embeddable":true,"href":"https:\/\/www.escueladoblajealicante.com\/en\/wp-json\/wp\/v2\/users\/1"}],"replies":[{"embeddable":true,"href":"https:\/\/www.escueladoblajealicante.com\/en\/wp-json\/wp\/v2\/comments?post=609"}],"version-history":[{"count":4,"href":"https:\/\/www.escueladoblajealicante.com\/en\/wp-json\/wp\/v2\/posts\/609\/revisions"}],"predecessor-version":[{"id":615,"href":"https:\/\/www.escueladoblajealicante.com\/en\/wp-json\/wp\/v2\/posts\/609\/revisions\/615"}],"wp:featuredmedia":[{"embeddable":true,"href":"https:\/\/www.escueladoblajealicante.com\/en\/wp-json\/wp\/v2\/media\/611"}],"wp:attachment":[{"href":"https:\/\/www.escueladoblajealicante.com\/en\/wp-json\/wp\/v2\/media?parent=609"}],"wp:term":[{"taxonomy":"category","embeddable":true,"href":"https:\/\/www.escueladoblajealicante.com\/en\/wp-json\/wp\/v2\/categories?post=609"},{"taxonomy":"post_tag","embeddable":true,"href":"https:\/\/www.escueladoblajealicante.com\/en\/wp-json\/wp\/v2\/tags?post=609"}],"curies":[{"name":"wp","href":"https:\/\/api.w.org\/{rel}","templated":true}]}}