{"id":603,"date":"2024-06-06T14:06:11","date_gmt":"2024-06-06T14:06:11","guid":{"rendered":"https:\/\/sandbox.escueladoblajealicante.com\/?p=603"},"modified":"2024-06-06T14:11:52","modified_gmt":"2024-06-06T14:11:52","slug":"emma-jimenez","status":"publish","type":"post","link":"https:\/\/www.escueladoblajealicante.com\/en\/emma-jimenez\/","title":{"rendered":"Emma Jim\u00e9nez"},"content":{"rendered":"<div data-elementor-type=\"wp-post\" data-elementor-id=\"603\" class=\"elementor elementor-603\">\n\t\t\t\t<div class=\"elementor-element elementor-element-0f6bfae e-flex e-con-boxed cmsmasters-block-default e-con e-parent\" data-id=\"0f6bfae\" data-element_type=\"container\" data-e-type=\"container\">\n\t\t\t\t\t<div class=\"e-con-inner\">\n\t\t<div class=\"elementor-element elementor-element-979b576 e-con-full e-flex cmsmasters-block-default e-con e-child\" data-id=\"979b576\" data-element_type=\"container\" data-e-type=\"container\">\n\t\t\t\t<div class=\"elementor-element elementor-element-2c725a6 cmsmasters-block-default cmsmasters-sticky-default elementor-widget elementor-widget-image\" data-id=\"2c725a6\" data-element_type=\"widget\" data-e-type=\"widget\" data-widget_type=\"image.default\">\n\t\t\t\t<div class=\"elementor-widget-container\">\n\t\t\t\t\t\t\t\t\t\t\t\t\t\t\t<img fetchpriority=\"high\" decoding=\"async\" width=\"276\" height=\"300\" src=\"https:\/\/www.escueladoblajealicante.com\/wp-content\/uploads\/2024\/06\/Emma-Jimenez-e1717682880154-276x300.jpg\" class=\"attachment-medium size-medium wp-image-605\" alt=\"\" srcset=\"https:\/\/www.escueladoblajealicante.com\/wp-content\/uploads\/2024\/06\/Emma-Jimenez-e1717682880154-276x300.jpg 276w, https:\/\/www.escueladoblajealicante.com\/wp-content\/uploads\/2024\/06\/Emma-Jimenez-e1717682880154-300x327.jpg 300w, https:\/\/www.escueladoblajealicante.com\/wp-content\/uploads\/2024\/06\/Emma-Jimenez-e1717682880154.jpg 441w\" sizes=\"(max-width: 276px) 100vw, 276px\" \/>\t\t\t\t\t\t\t\t\t\t\t\t\t\t\t<\/div>\n\t\t\t\t<\/div>\n\t\t\t\t<\/div>\n\t\t<div class=\"elementor-element elementor-element-2f8ccb6 e-con-full e-flex cmsmasters-block-default e-con e-child\" data-id=\"2f8ccb6\" data-element_type=\"container\" data-e-type=\"container\">\n\t\t\t\t<div class=\"elementor-element elementor-element-c1c9a6b cmsmasters-block-default cmsmasters-sticky-default elementor-widget elementor-widget-heading\" data-id=\"c1c9a6b\" data-element_type=\"widget\" data-e-type=\"widget\" data-widget_type=\"heading.default\">\n\t\t\t\t<div class=\"elementor-widget-container\">\n\t\t\t\t\t<h2 class=\"elementor-heading-title elementor-size-default\">Emma Jim\u00e9nez<\/h2>\t\t\t\t<\/div>\n\t\t\t\t<\/div>\n\t\t\t\t<div class=\"elementor-element elementor-element-61ee59c cmsmasters-block-default cmsmasters-sticky-default elementor-widget elementor-widget-text-editor\" data-id=\"61ee59c\" data-element_type=\"widget\" data-e-type=\"widget\" data-widget_type=\"text-editor.default\">\n\t\t\t\t<div class=\"elementor-widget-container\">\n\t\t\t\t\t\t\t\t\t<div class=\"col-md-8\"><div class=\"ac-teacher-content row\"><div class=\"col-md-8 col-sm-7\"><div class=\"ac-teacher-section\"><div class=\"ac-teacher-section-content\"><p style=\"text-align: justify;\">Licenciada en la R.E.S.A.D., Emma Jim\u00e9nez ha trabajado como actriz de doblaje siendo la voz de personajes como la\u00a0<strong>Inspectora Beckett<\/strong>\u00a0en la serie\u00a0<strong>Castle<\/strong>, la doctora\u00a0<strong>Sara Tancredi<\/strong>\u00a0en\u00a0<strong>Prison Break<\/strong>\u00a0o\u00a0<strong>Ninfadora<\/strong>\u00a0en la saga\u00a0<strong>Harry Potter<\/strong>.<\/p><p style=\"text-align: justify;\">Como locutora de\u00a0<strong>publicidad<\/strong>\u00a0Emma Jim\u00e9nez ha puesto voz a campa\u00f1as de Ariel, Movistar, La Vie est Belle con Julia Roberts o poniendo voz a Freida Pinto para L\u00f2real. Actualmente es la\u00a0<strong>voz corporativa del canal de televisi\u00f3n Cuatro<\/strong>\u00a0entre otros muchos trabajos.<\/p><\/div><\/div><\/div><\/div><\/div><aside id=\"secondary\" class=\"widget-area col-md-4 col-sm-12 col-xs-12\"><section id=\"search-2\" class=\"widget widget_search\"><form class=\"form-inline form-search\" action=\"https:\/\/www.escueladoblajealicante.com\/en\/\" method=\"get\" data-trp-original-action=\"https:\/\/www.escueladoblajealicante.com\/\"><input type=\"hidden\" name=\"trp-form-language\" value=\"en\"\/><\/form><\/section><\/aside>\t\t\t\t\t\t\t\t<\/div>\n\t\t\t\t<\/div>\n\t\t\t\t<\/div>\n\t\t\t\t\t<\/div>\n\t\t\t\t<\/div>\n\t\t\t\t<\/div>","protected":false},"excerpt":{"rendered":"<p>Emma Jim\u00e9nez Licenciada en la R.E.S.A.D., Emma Jim\u00e9nez ha trabajado como actriz de doblaje siendo la voz de personajes como la\u00a0Inspectora Beckett\u00a0en la serie\u00a0Castle, la doctora\u00a0Sara Tancredi\u00a0en\u00a0Prison Break\u00a0o\u00a0Ninfadora\u00a0en la saga\u00a0Harry&#8230;<\/p>","protected":false},"author":1,"featured_media":605,"comment_status":"closed","ping_status":"closed","sticky":false,"template":"elementor_header_footer","format":"standard","meta":{"_acf_changed":false,"inline_featured_image":false,"footnotes":""},"categories":[27],"tags":[],"class_list":["post-603","post","type-post","status-publish","format-standard","has-post-thumbnail","hentry","category-profesor"],"acf":[],"_links":{"self":[{"href":"https:\/\/www.escueladoblajealicante.com\/en\/wp-json\/wp\/v2\/posts\/603","targetHints":{"allow":["GET"]}}],"collection":[{"href":"https:\/\/www.escueladoblajealicante.com\/en\/wp-json\/wp\/v2\/posts"}],"about":[{"href":"https:\/\/www.escueladoblajealicante.com\/en\/wp-json\/wp\/v2\/types\/post"}],"author":[{"embeddable":true,"href":"https:\/\/www.escueladoblajealicante.com\/en\/wp-json\/wp\/v2\/users\/1"}],"replies":[{"embeddable":true,"href":"https:\/\/www.escueladoblajealicante.com\/en\/wp-json\/wp\/v2\/comments?post=603"}],"version-history":[{"count":7,"href":"https:\/\/www.escueladoblajealicante.com\/en\/wp-json\/wp\/v2\/posts\/603\/revisions"}],"predecessor-version":[{"id":621,"href":"https:\/\/www.escueladoblajealicante.com\/en\/wp-json\/wp\/v2\/posts\/603\/revisions\/621"}],"wp:featuredmedia":[{"embeddable":true,"href":"https:\/\/www.escueladoblajealicante.com\/en\/wp-json\/wp\/v2\/media\/605"}],"wp:attachment":[{"href":"https:\/\/www.escueladoblajealicante.com\/en\/wp-json\/wp\/v2\/media?parent=603"}],"wp:term":[{"taxonomy":"category","embeddable":true,"href":"https:\/\/www.escueladoblajealicante.com\/en\/wp-json\/wp\/v2\/categories?post=603"},{"taxonomy":"post_tag","embeddable":true,"href":"https:\/\/www.escueladoblajealicante.com\/en\/wp-json\/wp\/v2\/tags?post=603"}],"curies":[{"name":"wp","href":"https:\/\/api.w.org\/{rel}","templated":true}]}}