{"id":597,"date":"2024-06-06T14:02:30","date_gmt":"2024-06-06T14:02:30","guid":{"rendered":"https:\/\/sandbox.escueladoblajealicante.com\/?p=597"},"modified":"2024-06-06T14:11:44","modified_gmt":"2024-06-06T14:11:44","slug":"penelope-saray","status":"publish","type":"post","link":"https:\/\/www.escueladoblajealicante.com\/en\/penelope-saray\/","title":{"rendered":"Pen\u00e9lope Saray"},"content":{"rendered":"<div data-elementor-type=\"wp-post\" data-elementor-id=\"597\" class=\"elementor elementor-597\">\n\t\t\t\t<div class=\"elementor-element elementor-element-0f6bfae e-flex e-con-boxed cmsmasters-block-default e-con e-parent\" data-id=\"0f6bfae\" data-element_type=\"container\" data-e-type=\"container\">\n\t\t\t\t\t<div class=\"e-con-inner\">\n\t\t<div class=\"elementor-element elementor-element-979b576 e-con-full e-flex cmsmasters-block-default e-con e-child\" data-id=\"979b576\" data-element_type=\"container\" data-e-type=\"container\">\n\t\t\t\t<div class=\"elementor-element elementor-element-2c725a6 cmsmasters-block-default cmsmasters-sticky-default elementor-widget elementor-widget-image\" data-id=\"2c725a6\" data-element_type=\"widget\" data-e-type=\"widget\" data-widget_type=\"image.default\">\n\t\t\t\t<div class=\"elementor-widget-container\">\n\t\t\t\t\t\t\t\t\t\t\t\t\t\t\t<img fetchpriority=\"high\" decoding=\"async\" width=\"276\" height=\"300\" src=\"https:\/\/www.escueladoblajealicante.com\/wp-content\/uploads\/2024\/06\/penelope-saray-e1717682689316-276x300.png\" class=\"attachment-medium size-medium wp-image-599\" alt=\"\" srcset=\"https:\/\/www.escueladoblajealicante.com\/wp-content\/uploads\/2024\/06\/penelope-saray-e1717682689316-276x300.png 276w, https:\/\/www.escueladoblajealicante.com\/wp-content\/uploads\/2024\/06\/penelope-saray-e1717682689316-300x327.png 300w, https:\/\/www.escueladoblajealicante.com\/wp-content\/uploads\/2024\/06\/penelope-saray-e1717682689316.png 551w\" sizes=\"(max-width: 276px) 100vw, 276px\" \/>\t\t\t\t\t\t\t\t\t\t\t\t\t\t\t<\/div>\n\t\t\t\t<\/div>\n\t\t\t\t<\/div>\n\t\t<div class=\"elementor-element elementor-element-2f8ccb6 e-con-full e-flex cmsmasters-block-default e-con e-child\" data-id=\"2f8ccb6\" data-element_type=\"container\" data-e-type=\"container\">\n\t\t\t\t<div class=\"elementor-element elementor-element-c1c9a6b cmsmasters-block-default cmsmasters-sticky-default elementor-widget elementor-widget-heading\" data-id=\"c1c9a6b\" data-element_type=\"widget\" data-e-type=\"widget\" data-widget_type=\"heading.default\">\n\t\t\t\t<div class=\"elementor-widget-container\">\n\t\t\t\t\t<h2 class=\"elementor-heading-title elementor-size-default\">Pen\u00e9lope Saray<\/h2>\t\t\t\t<\/div>\n\t\t\t\t<\/div>\n\t\t\t\t<div class=\"elementor-element elementor-element-61ee59c cmsmasters-block-default cmsmasters-sticky-default elementor-widget elementor-widget-text-editor\" data-id=\"61ee59c\" data-element_type=\"widget\" data-e-type=\"widget\" data-widget_type=\"text-editor.default\">\n\t\t\t\t<div class=\"elementor-widget-container\">\n\t\t\t\t\t\t\t\t\t<p style=\"text-align: justify;\">A los 17 a\u00f1os se inici\u00f3 en el mundo de los micr\u00f3fonos. Actualmente trabaja como locutora, actriz de doblaje, realizadora y conductora de radio, animadora y presentadora de eventos.<\/p><p style=\"text-align: justify;\">Ha puesto voz a campa\u00f1as de la ONU, la Agencia Espacial Europea, Google, Siemens, Iberdrola, L\u2019\u00d2real, la Comunidad Valenciana, el Ministerio de Exteriores de Espa\u00f1a y muuuchas m\u00e1s.<\/p><p style=\"text-align: justify;\">En radio ha pasado por varios estudios de La Cadena SER, Cadena 100 y algunas emisoras de Uruguay, donde hac\u00eda de todo: dirigir, realizar, producir, conducir y hasta editar.<\/p><p style=\"text-align: justify;\">Le divierte mucho presentar eventos de todo tipo: de un car\u00e1cter serio y solemne para empresas, hasta concursos de talentos donde lo principal es jugar con la espontaneidad y la alegr\u00eda.<\/p><p style=\"text-align: justify;\">Su formaci\u00f3n ha reca\u00eddo en escuelas de doblaje, cursos y talleres de teatro y mucha pr\u00e1ctica.<\/p>\t\t\t\t\t\t\t\t<\/div>\n\t\t\t\t<\/div>\n\t\t\t\t<\/div>\n\t\t\t\t\t<\/div>\n\t\t\t\t<\/div>\n\t\t\t\t<\/div>","protected":false},"excerpt":{"rendered":"<p>Pen\u00e9lope Saray A los 17 a\u00f1os se inici\u00f3 en el mundo de los micr\u00f3fonos. Actualmente trabaja como locutora, actriz de doblaje, realizadora y conductora de radio, animadora y presentadora de&#8230;<\/p>","protected":false},"author":1,"featured_media":599,"comment_status":"closed","ping_status":"closed","sticky":false,"template":"elementor_header_footer","format":"standard","meta":{"_acf_changed":false,"inline_featured_image":false,"footnotes":""},"categories":[27],"tags":[],"class_list":["post-597","post","type-post","status-publish","format-standard","has-post-thumbnail","hentry","category-profesor"],"acf":[],"_links":{"self":[{"href":"https:\/\/www.escueladoblajealicante.com\/en\/wp-json\/wp\/v2\/posts\/597","targetHints":{"allow":["GET"]}}],"collection":[{"href":"https:\/\/www.escueladoblajealicante.com\/en\/wp-json\/wp\/v2\/posts"}],"about":[{"href":"https:\/\/www.escueladoblajealicante.com\/en\/wp-json\/wp\/v2\/types\/post"}],"author":[{"embeddable":true,"href":"https:\/\/www.escueladoblajealicante.com\/en\/wp-json\/wp\/v2\/users\/1"}],"replies":[{"embeddable":true,"href":"https:\/\/www.escueladoblajealicante.com\/en\/wp-json\/wp\/v2\/comments?post=597"}],"version-history":[{"count":7,"href":"https:\/\/www.escueladoblajealicante.com\/en\/wp-json\/wp\/v2\/posts\/597\/revisions"}],"predecessor-version":[{"id":618,"href":"https:\/\/www.escueladoblajealicante.com\/en\/wp-json\/wp\/v2\/posts\/597\/revisions\/618"}],"wp:featuredmedia":[{"embeddable":true,"href":"https:\/\/www.escueladoblajealicante.com\/en\/wp-json\/wp\/v2\/media\/599"}],"wp:attachment":[{"href":"https:\/\/www.escueladoblajealicante.com\/en\/wp-json\/wp\/v2\/media?parent=597"}],"wp:term":[{"taxonomy":"category","embeddable":true,"href":"https:\/\/www.escueladoblajealicante.com\/en\/wp-json\/wp\/v2\/categories?post=597"},{"taxonomy":"post_tag","embeddable":true,"href":"https:\/\/www.escueladoblajealicante.com\/en\/wp-json\/wp\/v2\/tags?post=597"}],"curies":[{"name":"wp","href":"https:\/\/api.w.org\/{rel}","templated":true}]}}