{"id":589,"date":"2024-06-06T12:50:04","date_gmt":"2024-06-06T12:50:04","guid":{"rendered":"https:\/\/sandbox.escueladoblajealicante.com\/?p=589"},"modified":"2024-06-06T12:56:03","modified_gmt":"2024-06-06T12:56:03","slug":"antonio-esquivias","status":"publish","type":"post","link":"https:\/\/www.escueladoblajealicante.com\/en\/antonio-esquivias\/","title":{"rendered":"Antonio Esquivias"},"content":{"rendered":"<div data-elementor-type=\"wp-post\" data-elementor-id=\"589\" class=\"elementor elementor-589\">\n\t\t\t\t<div class=\"elementor-element elementor-element-0f6bfae e-flex e-con-boxed cmsmasters-block-default e-con e-parent\" data-id=\"0f6bfae\" data-element_type=\"container\" data-e-type=\"container\">\n\t\t\t\t\t<div class=\"e-con-inner\">\n\t\t<div class=\"elementor-element elementor-element-979b576 e-con-full e-flex cmsmasters-block-default e-con e-child\" data-id=\"979b576\" data-element_type=\"container\" data-e-type=\"container\">\n\t\t\t\t<div class=\"elementor-element elementor-element-2c725a6 cmsmasters-block-default cmsmasters-sticky-default elementor-widget elementor-widget-image\" data-id=\"2c725a6\" data-element_type=\"widget\" data-e-type=\"widget\" data-widget_type=\"image.default\">\n\t\t\t\t<div class=\"elementor-widget-container\">\n\t\t\t\t\t\t\t\t\t\t\t\t\t\t\t<img fetchpriority=\"high\" decoding=\"async\" width=\"276\" height=\"300\" src=\"https:\/\/www.escueladoblajealicante.com\/wp-content\/uploads\/2024\/06\/ANTONIO-ESQUIVIAS-e1717678553288-276x300.jpg\" class=\"attachment-medium size-medium wp-image-593\" alt=\"\" srcset=\"https:\/\/www.escueladoblajealicante.com\/wp-content\/uploads\/2024\/06\/ANTONIO-ESQUIVIAS-e1717678553288-276x300.jpg 276w, https:\/\/www.escueladoblajealicante.com\/wp-content\/uploads\/2024\/06\/ANTONIO-ESQUIVIAS-e1717678553288-300x327.jpg 300w, https:\/\/www.escueladoblajealicante.com\/wp-content\/uploads\/2024\/06\/ANTONIO-ESQUIVIAS-e1717678553288.jpg 518w\" sizes=\"(max-width: 276px) 100vw, 276px\" \/>\t\t\t\t\t\t\t\t\t\t\t\t\t\t\t<\/div>\n\t\t\t\t<\/div>\n\t\t\t\t<\/div>\n\t\t<div class=\"elementor-element elementor-element-2f8ccb6 e-con-full e-flex cmsmasters-block-default e-con e-child\" data-id=\"2f8ccb6\" data-element_type=\"container\" data-e-type=\"container\">\n\t\t\t\t<div class=\"elementor-element elementor-element-c1c9a6b cmsmasters-block-default cmsmasters-sticky-default elementor-widget elementor-widget-heading\" data-id=\"c1c9a6b\" data-element_type=\"widget\" data-e-type=\"widget\" data-widget_type=\"heading.default\">\n\t\t\t\t<div class=\"elementor-widget-container\">\n\t\t\t\t\t<h2 class=\"elementor-heading-title elementor-size-default\">Antonio Esquivias<\/h2>\t\t\t\t<\/div>\n\t\t\t\t<\/div>\n\t\t\t\t<div class=\"elementor-element elementor-element-61ee59c cmsmasters-block-default cmsmasters-sticky-default elementor-widget elementor-widget-text-editor\" data-id=\"61ee59c\" data-element_type=\"widget\" data-e-type=\"widget\" data-widget_type=\"text-editor.default\">\n\t\t\t\t<div class=\"elementor-widget-container\">\n\t\t\t\t\t\t\t\t\t<p style=\"text-align: justify;\">Antonio Esquivias naci\u00f3 en La Coru\u00f1a y all\u00ed es donde comienza su formaci\u00f3n cursando clases de Canto en el Conservatorio de M\u00fasica, Declamaci\u00f3n, Ortofon\u00eda y Dicci\u00f3n. Ser\u00eda en 1980 cuando se inclina por formarse ya como actor de doblaje.<\/p><div class=\"\"><div style=\"text-align: justify;\">Desde 1981 presta su voz a distintos personajes en series y pel\u00edculas. Es especialmente reconocido por el gran p\u00fablico en papeles como los interpretados por\u00a0<strong>Kelsey Grammer<\/strong>\u00a0en\u00a0<strong>Frasier<\/strong>,\u00a0<strong>Cheers<\/strong>,\u00a0<strong>Fama<\/strong>\u00a0(la pel\u00edcula) y\u00a0<strong>Boss<\/strong>; el\u00a0<strong>Actor Secundario Bob<\/strong>,\u00a0<strong>Mel<\/strong>,\u00a0<strong>Chalmers<\/strong>, el\u00a0<strong>Texano Rico<\/strong>\u00a0y\u00a0<strong>Dios<\/strong>, entre otros, en\u00a0<strong>Los Simpson<\/strong>\u00a0y\u00a0<strong>Langley<\/strong>\u00a0en\u00a0<strong>Expediente X<\/strong>. Adem\u00e1s, dio su voz a\u00a0<strong>Coco<\/strong>\u00a0en\u00a0<strong>Barrio S\u00e9samo<\/strong>\u00a0y fue\u00a0<strong>Raphael<\/strong>\u00a0en\u00a0<strong>Las tortugas ninja<\/strong>. Adem\u00e1s tambi\u00e9n ha colaborado en el doblaje de videojuegos como en el nuevo t\u00edtulo de Ubisoft \u00ab<strong>The Division<\/strong>\u00bb en el que hace la voz de locutor de radio, que las podemos encontrar en los pisos francos de \u00e9ste juego.<\/div><div style=\"text-align: justify;\">\u00a0<\/div><div style=\"text-align: justify;\">Tambi\u00e9n ha realizado numerosos doblajes en gallego (su lengua materna) desde 1984 hasta 1996 realiza varios doblajes, entre los que destacan:\u00a0<strong>Los diez mandamientos<\/strong>,\u00a0<strong>The Private War of Major Benson<\/strong>\u00a0y\u00a0<strong>The Omega Man<\/strong>\u00a0donde pone voz a\u00a0<strong>Charlton Heston<\/strong>;\u00a0<strong>El puente de Cassandra<\/strong>\u00a0(The Cassandra Crossing), doblando a\u00a0<strong>Richard Harris<\/strong>,\u00a0<strong>Las aventuras de Jeremiah Johnson<\/strong>, dando voz a\u00a0<strong>Robert Redford<\/strong>\u00a0y\u00a0<strong>El rey y yo<\/strong>, doblando a\u00a0<strong>Yul Brynner<\/strong>. Adem\u00e1s, dobl\u00f3 durante cuatro temporadas a\u00a0<strong>Adam West<\/strong>\u00a0en\u00a0<strong>Batman<\/strong>\u00a0y a\u00a0<strong>Robert Wagner<\/strong>\u00a0en\u00a0<strong>Madame Sin<\/strong>\u00a0y tambi\u00e9n puso su voz para la versi\u00f3n gallega de\u00a0<strong>Dragon Ball<\/strong>\u00a0interpretando a personajes como\u00a0<strong>Nam<\/strong>.<\/div><div style=\"text-align: justify;\">\u00a0<\/div><div style=\"text-align: justify;\">Tambi\u00e9n ha aparecido como actor de imagen en cortometrajes y series de televisi\u00f3n como \u00ab<strong>La que se avecina<\/strong>\u00bb o \u00ab<strong>Cu\u00e9ntame c\u00f3mo pas\u00f3<\/strong>\u00ab.<\/div><\/div>\t\t\t\t\t\t\t\t<\/div>\n\t\t\t\t<\/div>\n\t\t\t\t<\/div>\n\t\t\t\t\t<\/div>\n\t\t\t\t<\/div>\n\t\t\t\t<\/div>","protected":false},"excerpt":{"rendered":"<p>Antonio Esquivias Antonio Esquivias naci\u00f3 en La Coru\u00f1a y all\u00ed es donde comienza su formaci\u00f3n cursando clases de Canto en el Conservatorio de M\u00fasica, Declamaci\u00f3n, Ortofon\u00eda y Dicci\u00f3n. Ser\u00eda en&#8230;<\/p>","protected":false},"author":1,"featured_media":593,"comment_status":"closed","ping_status":"closed","sticky":false,"template":"elementor_header_footer","format":"standard","meta":{"_acf_changed":false,"inline_featured_image":false,"footnotes":""},"categories":[27],"tags":[],"class_list":["post-589","post","type-post","status-publish","format-standard","has-post-thumbnail","hentry","category-profesor"],"acf":[],"_links":{"self":[{"href":"https:\/\/www.escueladoblajealicante.com\/en\/wp-json\/wp\/v2\/posts\/589","targetHints":{"allow":["GET"]}}],"collection":[{"href":"https:\/\/www.escueladoblajealicante.com\/en\/wp-json\/wp\/v2\/posts"}],"about":[{"href":"https:\/\/www.escueladoblajealicante.com\/en\/wp-json\/wp\/v2\/types\/post"}],"author":[{"embeddable":true,"href":"https:\/\/www.escueladoblajealicante.com\/en\/wp-json\/wp\/v2\/users\/1"}],"replies":[{"embeddable":true,"href":"https:\/\/www.escueladoblajealicante.com\/en\/wp-json\/wp\/v2\/comments?post=589"}],"version-history":[{"count":4,"href":"https:\/\/www.escueladoblajealicante.com\/en\/wp-json\/wp\/v2\/posts\/589\/revisions"}],"predecessor-version":[{"id":596,"href":"https:\/\/www.escueladoblajealicante.com\/en\/wp-json\/wp\/v2\/posts\/589\/revisions\/596"}],"wp:featuredmedia":[{"embeddable":true,"href":"https:\/\/www.escueladoblajealicante.com\/en\/wp-json\/wp\/v2\/media\/593"}],"wp:attachment":[{"href":"https:\/\/www.escueladoblajealicante.com\/en\/wp-json\/wp\/v2\/media?parent=589"}],"wp:term":[{"taxonomy":"category","embeddable":true,"href":"https:\/\/www.escueladoblajealicante.com\/en\/wp-json\/wp\/v2\/categories?post=589"},{"taxonomy":"post_tag","embeddable":true,"href":"https:\/\/www.escueladoblajealicante.com\/en\/wp-json\/wp\/v2\/tags?post=589"}],"curies":[{"name":"wp","href":"https:\/\/api.w.org\/{rel}","templated":true}]}}