{"id":582,"date":"2024-06-06T12:46:56","date_gmt":"2024-06-06T12:46:56","guid":{"rendered":"https:\/\/sandbox.escueladoblajealicante.com\/?p=582"},"modified":"2024-06-06T12:49:18","modified_gmt":"2024-06-06T12:49:18","slug":"isatxa-mengibar","status":"publish","type":"post","link":"https:\/\/www.escueladoblajealicante.com\/en\/isatxa-mengibar\/","title":{"rendered":"Isatxa Meng\u00edbar"},"content":{"rendered":"<div data-elementor-type=\"wp-post\" data-elementor-id=\"582\" class=\"elementor elementor-582\">\n\t\t\t\t<div class=\"elementor-element elementor-element-0f6bfae e-flex e-con-boxed cmsmasters-block-default e-con e-parent\" data-id=\"0f6bfae\" data-element_type=\"container\" data-e-type=\"container\">\n\t\t\t\t\t<div class=\"e-con-inner\">\n\t\t<div class=\"elementor-element elementor-element-979b576 e-con-full e-flex cmsmasters-block-default e-con e-child\" data-id=\"979b576\" data-element_type=\"container\" data-e-type=\"container\">\n\t\t\t\t<div class=\"elementor-element elementor-element-2c725a6 cmsmasters-block-default cmsmasters-sticky-default elementor-widget elementor-widget-image\" data-id=\"2c725a6\" data-element_type=\"widget\" data-e-type=\"widget\" data-widget_type=\"image.default\">\n\t\t\t\t<div class=\"elementor-widget-container\">\n\t\t\t\t\t\t\t\t\t\t\t\t\t\t\t<img fetchpriority=\"high\" decoding=\"async\" width=\"276\" height=\"300\" src=\"https:\/\/www.escueladoblajealicante.com\/wp-content\/uploads\/2024\/06\/ISACHA-MENGIBAR-e1717678143190-276x300.jpg\" class=\"attachment-medium size-medium wp-image-584\" alt=\"\" srcset=\"https:\/\/www.escueladoblajealicante.com\/wp-content\/uploads\/2024\/06\/ISACHA-MENGIBAR-e1717678143190-276x300.jpg 276w, https:\/\/www.escueladoblajealicante.com\/wp-content\/uploads\/2024\/06\/ISACHA-MENGIBAR-e1717678143190-300x327.jpg 300w, https:\/\/www.escueladoblajealicante.com\/wp-content\/uploads\/2024\/06\/ISACHA-MENGIBAR-e1717678143190.jpg 441w\" sizes=\"(max-width: 276px) 100vw, 276px\" \/>\t\t\t\t\t\t\t\t\t\t\t\t\t\t\t<\/div>\n\t\t\t\t<\/div>\n\t\t\t\t<\/div>\n\t\t<div class=\"elementor-element elementor-element-2f8ccb6 e-con-full e-flex cmsmasters-block-default e-con e-child\" data-id=\"2f8ccb6\" data-element_type=\"container\" data-e-type=\"container\">\n\t\t\t\t<div class=\"elementor-element elementor-element-c1c9a6b cmsmasters-block-default cmsmasters-sticky-default elementor-widget elementor-widget-heading\" data-id=\"c1c9a6b\" data-element_type=\"widget\" data-e-type=\"widget\" data-widget_type=\"heading.default\">\n\t\t\t\t<div class=\"elementor-widget-container\">\n\t\t\t\t\t<h2 class=\"elementor-heading-title elementor-size-default\">Isatxa Meng\u00edbar<\/h2>\t\t\t\t<\/div>\n\t\t\t\t<\/div>\n\t\t\t\t<div class=\"elementor-element elementor-element-61ee59c cmsmasters-block-default cmsmasters-sticky-default elementor-widget elementor-widget-text-editor\" data-id=\"61ee59c\" data-element_type=\"widget\" data-e-type=\"widget\" data-widget_type=\"text-editor.default\">\n\t\t\t\t<div class=\"elementor-widget-container\">\n\t\t\t\t\t\t\t\t\t<div class=\"\"><div style=\"text-align: justify;\">Isatxa Meng\u00edbar es\u00a0actriz de doblaje desde el a\u00f1o 1990 y desde entonces ha compaginado su profesi\u00f3n con locuciones publicitarias, de continuidad, videojuegos, v\u00eddeos corporativos, documentales y grabaciones musicales para series y canales.<\/div><div style=\"text-align: justify;\"><br class=\"\" \/>Su papel m\u00e1s conocido por el p\u00fablico general es el de Lisa Simpson aunque tambi\u00e9n ha protagonizado South Park, Los sobrinos de Donald, El laboratorio de Dexter, el Show de Cleveland, La Hamburgueser\u00eda de Bob, Pok\u00e9mon, Las Bratz, Empollones y Monstruos, series de Disney&#8230; Tambi\u00e9n ha participado en series como Las Chicas Gilmore, One Tree Hill, Pap\u00e1 Canguro, The Last Kindom, House of Cards, Orange is the New Black,Misfits, White Famous, The Good Doctor, Blacklightning y he colaborado en otras muchas como Ley y Orden, Anatom\u00eda de Grey, Castle, Big Bang Theory&#8230;<\/div><div style=\"text-align: justify;\"><br class=\"\" \/>Y para rematar su presentaci\u00f3n falta cine! El Crisol, La Familia Belier, Ted&#8230;.<\/div><\/div><div style=\"text-align: justify;\">\u00a0<\/div><div style=\"text-align: justify;\">Como veis, una profesional todoterreno y de lo m\u00e1s completa.<\/div>\t\t\t\t\t\t\t\t<\/div>\n\t\t\t\t<\/div>\n\t\t\t\t<\/div>\n\t\t\t\t\t<\/div>\n\t\t\t\t<\/div>\n\t\t\t\t<\/div>","protected":false},"excerpt":{"rendered":"<p>Isatxa Meng\u00edbar Isatxa Meng\u00edbar es\u00a0actriz de doblaje desde el a\u00f1o 1990 y desde entonces ha compaginado su profesi\u00f3n con locuciones publicitarias, de continuidad, videojuegos, v\u00eddeos corporativos, documentales y grabaciones musicales&#8230;<\/p>","protected":false},"author":1,"featured_media":584,"comment_status":"closed","ping_status":"closed","sticky":false,"template":"elementor_header_footer","format":"standard","meta":{"_acf_changed":false,"inline_featured_image":false,"footnotes":""},"categories":[27],"tags":[],"class_list":["post-582","post","type-post","status-publish","format-standard","has-post-thumbnail","hentry","category-profesor"],"acf":[],"_links":{"self":[{"href":"https:\/\/www.escueladoblajealicante.com\/en\/wp-json\/wp\/v2\/posts\/582","targetHints":{"allow":["GET"]}}],"collection":[{"href":"https:\/\/www.escueladoblajealicante.com\/en\/wp-json\/wp\/v2\/posts"}],"about":[{"href":"https:\/\/www.escueladoblajealicante.com\/en\/wp-json\/wp\/v2\/types\/post"}],"author":[{"embeddable":true,"href":"https:\/\/www.escueladoblajealicante.com\/en\/wp-json\/wp\/v2\/users\/1"}],"replies":[{"embeddable":true,"href":"https:\/\/www.escueladoblajealicante.com\/en\/wp-json\/wp\/v2\/comments?post=582"}],"version-history":[{"count":4,"href":"https:\/\/www.escueladoblajealicante.com\/en\/wp-json\/wp\/v2\/posts\/582\/revisions"}],"predecessor-version":[{"id":587,"href":"https:\/\/www.escueladoblajealicante.com\/en\/wp-json\/wp\/v2\/posts\/582\/revisions\/587"}],"wp:featuredmedia":[{"embeddable":true,"href":"https:\/\/www.escueladoblajealicante.com\/en\/wp-json\/wp\/v2\/media\/584"}],"wp:attachment":[{"href":"https:\/\/www.escueladoblajealicante.com\/en\/wp-json\/wp\/v2\/media?parent=582"}],"wp:term":[{"taxonomy":"category","embeddable":true,"href":"https:\/\/www.escueladoblajealicante.com\/en\/wp-json\/wp\/v2\/categories?post=582"},{"taxonomy":"post_tag","embeddable":true,"href":"https:\/\/www.escueladoblajealicante.com\/en\/wp-json\/wp\/v2\/tags?post=582"}],"curies":[{"name":"wp","href":"https:\/\/api.w.org\/{rel}","templated":true}]}}