{"id":576,"date":"2024-06-06T12:42:09","date_gmt":"2024-06-06T12:42:09","guid":{"rendered":"https:\/\/sandbox.escueladoblajealicante.com\/?p=576"},"modified":"2024-06-06T12:45:47","modified_gmt":"2024-06-06T12:45:47","slug":"maria-caneda","status":"publish","type":"post","link":"https:\/\/www.escueladoblajealicante.com\/en\/maria-caneda\/","title":{"rendered":"Mar\u00eda Caneda"},"content":{"rendered":"<div data-elementor-type=\"wp-post\" data-elementor-id=\"576\" class=\"elementor elementor-576\">\n\t\t\t\t<div class=\"elementor-element elementor-element-0f6bfae e-flex e-con-boxed cmsmasters-block-default e-con e-parent\" data-id=\"0f6bfae\" data-element_type=\"container\" data-e-type=\"container\">\n\t\t\t\t\t<div class=\"e-con-inner\">\n\t\t<div class=\"elementor-element elementor-element-979b576 e-con-full e-flex cmsmasters-block-default e-con e-child\" data-id=\"979b576\" data-element_type=\"container\" data-e-type=\"container\">\n\t\t\t\t<div class=\"elementor-element elementor-element-2c725a6 cmsmasters-block-default cmsmasters-sticky-default elementor-widget elementor-widget-image\" data-id=\"2c725a6\" data-element_type=\"widget\" data-e-type=\"widget\" data-widget_type=\"image.default\">\n\t\t\t\t<div class=\"elementor-widget-container\">\n\t\t\t\t\t\t\t\t\t\t\t\t\t\t\t<img fetchpriority=\"high\" decoding=\"async\" width=\"276\" height=\"300\" src=\"https:\/\/www.escueladoblajealicante.com\/wp-content\/uploads\/2024\/06\/maria-caneda-276x300.jpg\" class=\"attachment-medium size-medium wp-image-578\" alt=\"\" srcset=\"https:\/\/www.escueladoblajealicante.com\/wp-content\/uploads\/2024\/06\/maria-caneda-276x300.jpg 276w, https:\/\/www.escueladoblajealicante.com\/wp-content\/uploads\/2024\/06\/maria-caneda-300x326.jpg 300w, https:\/\/www.escueladoblajealicante.com\/wp-content\/uploads\/2024\/06\/maria-caneda.jpg 570w\" sizes=\"(max-width: 276px) 100vw, 276px\" \/>\t\t\t\t\t\t\t\t\t\t\t\t\t\t\t<\/div>\n\t\t\t\t<\/div>\n\t\t\t\t<\/div>\n\t\t<div class=\"elementor-element elementor-element-2f8ccb6 e-con-full e-flex cmsmasters-block-default e-con e-child\" data-id=\"2f8ccb6\" data-element_type=\"container\" data-e-type=\"container\">\n\t\t\t\t<div class=\"elementor-element elementor-element-c1c9a6b cmsmasters-block-default cmsmasters-sticky-default elementor-widget elementor-widget-heading\" data-id=\"c1c9a6b\" data-element_type=\"widget\" data-e-type=\"widget\" data-widget_type=\"heading.default\">\n\t\t\t\t<div class=\"elementor-widget-container\">\n\t\t\t\t\t<h2 class=\"elementor-heading-title elementor-size-default\">Mar\u00eda Caneda<\/h2>\t\t\t\t<\/div>\n\t\t\t\t<\/div>\n\t\t\t\t<div class=\"elementor-element elementor-element-61ee59c cmsmasters-block-default cmsmasters-sticky-default elementor-widget elementor-widget-text-editor\" data-id=\"61ee59c\" data-element_type=\"widget\" data-e-type=\"widget\" data-widget_type=\"text-editor.default\">\n\t\t\t\t<div class=\"elementor-widget-container\">\n\t\t\t\t\t\t\t\t\t<p>Se form\u00f3 en la escuela superior de canto de Madrid y en el real conservatorio superior de m\u00fasica (solfeo, piano, armon\u00eda y coro).<\/p><p><strong>Como cantante ha participado en series de tv como: <\/strong>Cu\u00e9ntame, Sesame Street, El Asombroso Mundo De Gumball, Steven Universe, Los Fruittis, Etc.<\/p><p><strong>Y en pel\u00edculas como:<\/strong>\u00a0 La Bella Y La Bestia (2017), Lorax, Pesadilla Antes De Navidad, La Sirenita, H\u00e9rcules, Mul\u00e1n, Toy Story 2, Zafarrancho En El Rancho, Etc.<\/p><p><strong>Como directora musical (series):<\/strong>\u00a0 Una Serie De Catastr\u00f3ficas Desdichas, Galaxia Creativa, M\u00e1s All\u00e1 Del Jard\u00edn, Austin &amp; Ally, Los Conchords, Winnie The Pooh, Etc.<\/p><p><strong>Como directora musical (pel\u00edculas):<\/strong>\u00a0 Los Pitufos, Los Boxtrolls, Alvin Y Las Ardillas, Pan, Juntos Y Revueltos, El Cascanueces, El Libro De La Selva 2, Los Tres Mosqueteros, Annie<\/p><p>\u00a0Adem\u00e1s ha sido reconocida como <a href=\"http:\/\/premiostake.blogspot.com.es\/p\/ella-es-cantante-directora-musical-y.html\">Mejor Actriz de Doblaje Musical en los premios Take de Doblaje 2016.<\/a><\/p>\t\t\t\t\t\t\t\t<\/div>\n\t\t\t\t<\/div>\n\t\t\t\t<\/div>\n\t\t\t\t\t<\/div>\n\t\t\t\t<\/div>\n\t\t\t\t<\/div>","protected":false},"excerpt":{"rendered":"<p>Mar\u00eda Caneda Se form\u00f3 en la escuela superior de canto de Madrid y en el real conservatorio superior de m\u00fasica (solfeo, piano, armon\u00eda y coro). Como cantante ha participado en&#8230;<\/p>","protected":false},"author":1,"featured_media":578,"comment_status":"closed","ping_status":"closed","sticky":false,"template":"elementor_header_footer","format":"standard","meta":{"_acf_changed":false,"inline_featured_image":false,"footnotes":""},"categories":[27],"tags":[],"class_list":["post-576","post","type-post","status-publish","format-standard","has-post-thumbnail","hentry","category-profesor"],"acf":[],"_links":{"self":[{"href":"https:\/\/www.escueladoblajealicante.com\/en\/wp-json\/wp\/v2\/posts\/576","targetHints":{"allow":["GET"]}}],"collection":[{"href":"https:\/\/www.escueladoblajealicante.com\/en\/wp-json\/wp\/v2\/posts"}],"about":[{"href":"https:\/\/www.escueladoblajealicante.com\/en\/wp-json\/wp\/v2\/types\/post"}],"author":[{"embeddable":true,"href":"https:\/\/www.escueladoblajealicante.com\/en\/wp-json\/wp\/v2\/users\/1"}],"replies":[{"embeddable":true,"href":"https:\/\/www.escueladoblajealicante.com\/en\/wp-json\/wp\/v2\/comments?post=576"}],"version-history":[{"count":4,"href":"https:\/\/www.escueladoblajealicante.com\/en\/wp-json\/wp\/v2\/posts\/576\/revisions"}],"predecessor-version":[{"id":581,"href":"https:\/\/www.escueladoblajealicante.com\/en\/wp-json\/wp\/v2\/posts\/576\/revisions\/581"}],"wp:featuredmedia":[{"embeddable":true,"href":"https:\/\/www.escueladoblajealicante.com\/en\/wp-json\/wp\/v2\/media\/578"}],"wp:attachment":[{"href":"https:\/\/www.escueladoblajealicante.com\/en\/wp-json\/wp\/v2\/media?parent=576"}],"wp:term":[{"taxonomy":"category","embeddable":true,"href":"https:\/\/www.escueladoblajealicante.com\/en\/wp-json\/wp\/v2\/categories?post=576"},{"taxonomy":"post_tag","embeddable":true,"href":"https:\/\/www.escueladoblajealicante.com\/en\/wp-json\/wp\/v2\/tags?post=576"}],"curies":[{"name":"wp","href":"https:\/\/api.w.org\/{rel}","templated":true}]}}