{"id":570,"date":"2024-06-06T12:39:36","date_gmt":"2024-06-06T12:39:36","guid":{"rendered":"https:\/\/sandbox.escueladoblajealicante.com\/?p=570"},"modified":"2024-06-06T12:41:31","modified_gmt":"2024-06-06T12:41:31","slug":"eduardo-bosch","status":"publish","type":"post","link":"https:\/\/www.escueladoblajealicante.com\/en\/eduardo-bosch\/","title":{"rendered":"Eduardo Bosch"},"content":{"rendered":"<div data-elementor-type=\"wp-post\" data-elementor-id=\"570\" class=\"elementor elementor-570\">\n\t\t\t\t<div class=\"elementor-element elementor-element-0f6bfae e-flex e-con-boxed cmsmasters-block-default e-con e-parent\" data-id=\"0f6bfae\" data-element_type=\"container\" data-e-type=\"container\">\n\t\t\t\t\t<div class=\"e-con-inner\">\n\t\t<div class=\"elementor-element elementor-element-979b576 e-con-full e-flex cmsmasters-block-default e-con e-child\" data-id=\"979b576\" data-element_type=\"container\" data-e-type=\"container\">\n\t\t\t\t<div class=\"elementor-element elementor-element-2c725a6 cmsmasters-block-default cmsmasters-sticky-default elementor-widget elementor-widget-image\" data-id=\"2c725a6\" data-element_type=\"widget\" data-e-type=\"widget\" data-widget_type=\"image.default\">\n\t\t\t\t<div class=\"elementor-widget-container\">\n\t\t\t\t\t\t\t\t\t\t\t\t\t\t\t<img fetchpriority=\"high\" decoding=\"async\" width=\"275\" height=\"300\" src=\"https:\/\/www.escueladoblajealicante.com\/wp-content\/uploads\/2024\/06\/eduardo-bosch-2-e1717677680518-275x300.jpg\" class=\"attachment-medium size-medium wp-image-572\" alt=\"\" srcset=\"https:\/\/www.escueladoblajealicante.com\/wp-content\/uploads\/2024\/06\/eduardo-bosch-2-e1717677680518-275x300.jpg 275w, https:\/\/www.escueladoblajealicante.com\/wp-content\/uploads\/2024\/06\/eduardo-bosch-2-e1717677680518-300x327.jpg 300w, https:\/\/www.escueladoblajealicante.com\/wp-content\/uploads\/2024\/06\/eduardo-bosch-2-e1717677680518-600x655.jpg 600w, https:\/\/www.escueladoblajealicante.com\/wp-content\/uploads\/2024\/06\/eduardo-bosch-2-e1717677680518.jpg 660w\" sizes=\"(max-width: 275px) 100vw, 275px\" \/>\t\t\t\t\t\t\t\t\t\t\t\t\t\t\t<\/div>\n\t\t\t\t<\/div>\n\t\t\t\t<\/div>\n\t\t<div class=\"elementor-element elementor-element-2f8ccb6 e-con-full e-flex cmsmasters-block-default e-con e-child\" data-id=\"2f8ccb6\" data-element_type=\"container\" data-e-type=\"container\">\n\t\t\t\t<div class=\"elementor-element elementor-element-c1c9a6b cmsmasters-block-default cmsmasters-sticky-default elementor-widget elementor-widget-heading\" data-id=\"c1c9a6b\" data-element_type=\"widget\" data-e-type=\"widget\" data-widget_type=\"heading.default\">\n\t\t\t\t<div class=\"elementor-widget-container\">\n\t\t\t\t\t<h2 class=\"elementor-heading-title elementor-size-default\">Eduardo Bosch<\/h2>\t\t\t\t<\/div>\n\t\t\t\t<\/div>\n\t\t\t\t<div class=\"elementor-element elementor-element-61ee59c cmsmasters-block-default cmsmasters-sticky-default elementor-widget elementor-widget-text-editor\" data-id=\"61ee59c\" data-element_type=\"widget\" data-e-type=\"widget\" data-widget_type=\"text-editor.default\">\n\t\t\t\t<div class=\"elementor-widget-container\">\n\t\t\t\t\t\t\t\t\t<p style=\"text-align: justify;\">Eduardo Bosch comenz\u00f3 en la radio a finales de los 80 realizando cu\u00f1as y espacios publicitarios en los 40 principales de M\u00e1laga. Unos a\u00f1os despu\u00e9s daba el salto a Madrid para continuar realizando locuciones publicitarias en radio y entrar en el mundo de la TV como voz en off para Sogecable, Antena 3 y Telecinco.<\/p><p style=\"text-align: justify;\">En el 99 se convierte en el locutor de continuidad de Cartoon Network en la que ha trabajado hasta su cierre en 2013.<\/p><p style=\"text-align: justify;\">Hoy en d\u00eda, adem\u00e1s, es la voz habitual de Jason Segel (Marshall Eriksen en \u201cC\u00f3mo conoc\u00ed a vuestra madre\u201d), Jerry Ferrara (Tortuga en \u201cEl Sequito\u201d) o Kit Harington (Jon Nieve en \u201cJuego de Tronos\u201d).<\/p>\t\t\t\t\t\t\t\t<\/div>\n\t\t\t\t<\/div>\n\t\t\t\t<\/div>\n\t\t\t\t\t<\/div>\n\t\t\t\t<\/div>\n\t\t\t\t<\/div>","protected":false},"excerpt":{"rendered":"<p>Eduardo Bosch Eduardo Bosch comenz\u00f3 en la radio a finales de los 80 realizando cu\u00f1as y espacios publicitarios en los 40 principales de M\u00e1laga. Unos a\u00f1os despu\u00e9s daba el salto&#8230;<\/p>","protected":false},"author":1,"featured_media":572,"comment_status":"closed","ping_status":"closed","sticky":false,"template":"elementor_header_footer","format":"standard","meta":{"_acf_changed":false,"inline_featured_image":false,"footnotes":""},"categories":[27],"tags":[],"class_list":["post-570","post","type-post","status-publish","format-standard","has-post-thumbnail","hentry","category-profesor"],"acf":[],"_links":{"self":[{"href":"https:\/\/www.escueladoblajealicante.com\/en\/wp-json\/wp\/v2\/posts\/570","targetHints":{"allow":["GET"]}}],"collection":[{"href":"https:\/\/www.escueladoblajealicante.com\/en\/wp-json\/wp\/v2\/posts"}],"about":[{"href":"https:\/\/www.escueladoblajealicante.com\/en\/wp-json\/wp\/v2\/types\/post"}],"author":[{"embeddable":true,"href":"https:\/\/www.escueladoblajealicante.com\/en\/wp-json\/wp\/v2\/users\/1"}],"replies":[{"embeddable":true,"href":"https:\/\/www.escueladoblajealicante.com\/en\/wp-json\/wp\/v2\/comments?post=570"}],"version-history":[{"count":4,"href":"https:\/\/www.escueladoblajealicante.com\/en\/wp-json\/wp\/v2\/posts\/570\/revisions"}],"predecessor-version":[{"id":575,"href":"https:\/\/www.escueladoblajealicante.com\/en\/wp-json\/wp\/v2\/posts\/570\/revisions\/575"}],"wp:featuredmedia":[{"embeddable":true,"href":"https:\/\/www.escueladoblajealicante.com\/en\/wp-json\/wp\/v2\/media\/572"}],"wp:attachment":[{"href":"https:\/\/www.escueladoblajealicante.com\/en\/wp-json\/wp\/v2\/media?parent=570"}],"wp:term":[{"taxonomy":"category","embeddable":true,"href":"https:\/\/www.escueladoblajealicante.com\/en\/wp-json\/wp\/v2\/categories?post=570"},{"taxonomy":"post_tag","embeddable":true,"href":"https:\/\/www.escueladoblajealicante.com\/en\/wp-json\/wp\/v2\/tags?post=570"}],"curies":[{"name":"wp","href":"https:\/\/api.w.org\/{rel}","templated":true}]}}