{"id":547,"date":"2024-06-06T11:20:09","date_gmt":"2024-06-06T11:20:09","guid":{"rendered":"https:\/\/sandbox.escueladoblajealicante.com\/?p=547"},"modified":"2024-06-06T11:25:44","modified_gmt":"2024-06-06T11:25:44","slug":"juan-francisco-corredera","status":"publish","type":"post","link":"https:\/\/www.escueladoblajealicante.com\/en\/juan-francisco-corredera\/","title":{"rendered":"Juan Fco Corredera"},"content":{"rendered":"<div data-elementor-type=\"wp-post\" data-elementor-id=\"547\" class=\"elementor elementor-547\">\n\t\t\t\t<div class=\"elementor-element elementor-element-0f6bfae e-flex e-con-boxed cmsmasters-block-default e-con e-parent\" data-id=\"0f6bfae\" data-element_type=\"container\" data-e-type=\"container\">\n\t\t\t\t\t<div class=\"e-con-inner\">\n\t\t<div class=\"elementor-element elementor-element-979b576 e-con-full e-flex cmsmasters-block-default e-con e-child\" data-id=\"979b576\" data-element_type=\"container\" data-e-type=\"container\">\n\t\t\t\t<div class=\"elementor-element elementor-element-2c725a6 cmsmasters-block-default cmsmasters-sticky-default elementor-widget elementor-widget-image\" data-id=\"2c725a6\" data-element_type=\"widget\" data-e-type=\"widget\" data-widget_type=\"image.default\">\n\t\t\t\t<div class=\"elementor-widget-container\">\n\t\t\t\t\t\t\t\t\t\t\t\t\t\t\t<img fetchpriority=\"high\" decoding=\"async\" width=\"275\" height=\"300\" src=\"https:\/\/www.escueladoblajealicante.com\/wp-content\/uploads\/2024\/06\/Juan-Francisco-Corredera-e1719396889573-275x300.jpg\" class=\"attachment-medium size-medium wp-image-552\" alt=\"\" srcset=\"https:\/\/www.escueladoblajealicante.com\/wp-content\/uploads\/2024\/06\/Juan-Francisco-Corredera-e1719396889573-275x300.jpg 275w, https:\/\/www.escueladoblajealicante.com\/wp-content\/uploads\/2024\/06\/Juan-Francisco-Corredera-e1719396889573-300x327.jpg 300w, https:\/\/www.escueladoblajealicante.com\/wp-content\/uploads\/2024\/06\/Juan-Francisco-Corredera-e1719396889573.jpg 391w\" sizes=\"(max-width: 275px) 100vw, 275px\" \/>\t\t\t\t\t\t\t\t\t\t\t\t\t\t\t<\/div>\n\t\t\t\t<\/div>\n\t\t\t\t<\/div>\n\t\t<div class=\"elementor-element elementor-element-2f8ccb6 e-con-full e-flex cmsmasters-block-default e-con e-child\" data-id=\"2f8ccb6\" data-element_type=\"container\" data-e-type=\"container\">\n\t\t\t\t<div class=\"elementor-element elementor-element-c1c9a6b cmsmasters-block-default cmsmasters-sticky-default elementor-widget elementor-widget-heading\" data-id=\"c1c9a6b\" data-element_type=\"widget\" data-e-type=\"widget\" data-widget_type=\"heading.default\">\n\t\t\t\t<div class=\"elementor-widget-container\">\n\t\t\t\t\t<h2 class=\"elementor-heading-title elementor-size-default\">Juan Francisco Corredera<\/h2>\t\t\t\t<\/div>\n\t\t\t\t<\/div>\n\t\t\t\t<div class=\"elementor-element elementor-element-61ee59c cmsmasters-block-default cmsmasters-sticky-default elementor-widget elementor-widget-text-editor\" data-id=\"61ee59c\" data-element_type=\"widget\" data-e-type=\"widget\" data-widget_type=\"text-editor.default\">\n\t\t\t\t<div class=\"elementor-widget-container\">\n\t\t\t\t\t\t\t\t\t<div class=\"col-md-8\"><div class=\"ac-teacher-content row\"><div class=\"col-md-8 col-sm-7\"><div class=\"ac-teacher-section\"><div class=\"ac-teacher-section-content\"><div class=\"wpb_row vc_row section vc_row-fluid\"><div class=\"full_section_inner clearfix\"><div class=\"vc_col-sm-12 wpb_column vc_column_container\"><div class=\"wpb_wrapper\"><div class=\"wpb_text_column wpb_content_element\"><div class=\"wpb_wrapper\"><p style=\"text-align: justify;\">Locutor profesional y actor de doblaje en activo con una trayectoria de 20 a\u00f1os de experiencia en el sector Audiovisual.<\/p><p style=\"text-align: justify;\">Su voz la puedes escuchar a diario en canales como Odisea Historia A&amp;E, Crimen&amp;lnvestigaci\u00f3n, Canal Viajar, La1, Tele5, Discovery Max y Movistar Cero, adem\u00e1s de series y docu-realities de rabiosa actualidad como Cazatesoros, \u00bfQui\u00e9n da m\u00e1s?, 60 D\u00edas Dentro, Locos por los Coches, etc.<\/p><p style=\"text-align: justify;\">Adem\u00e1s en su faceta radiof\u00f3nica es Coordinador de las emisoras Musicales de la Cadena SER (Los40, Cadena Dial y M\u00e1xima FM) y Jefe de Producci\u00f3n Publicitaria y Creativo en Alicante.<\/p><p style=\"text-align: justify;\">Tras formarse como locutor y actor en ESECAV, EDA, CyP Madrid y Cadena SER Madrid,\u00a0a lo largo de su trayectoria, por poner un ejemplo, ha grabado infinidad de cu\u00f1as de publicidad spots de tv, audiogu\u00edas, documentales y docu-realities. En los \u00faltimos a\u00f1os tambi\u00e9n se ha centrado en la docencia y en la formaci\u00f3n a\u00a0futuros locutores, actores y profesores, entre otros, impartiendo cursos y talleres de Locuci\u00f3n, Locuci\u00f3n Publicitaria y T\u00e9cnicas de voz en a U.A.<\/p><\/div><\/div><\/div><\/div><\/div><\/div><\/div><\/div><\/div><\/div><\/div><aside id=\"secondary\" class=\"widget-area col-md-4 col-sm-12 col-xs-12\"><section id=\"search-2\" class=\"widget widget_search\"><form class=\"form-inline form-search\" action=\"https:\/\/www.escueladoblajealicante.com\/en\/\" method=\"get\" data-trp-original-action=\"https:\/\/www.escueladoblajealicante.com\/\"><input type=\"hidden\" name=\"trp-form-language\" value=\"en\"\/><\/form><\/section><\/aside>\t\t\t\t\t\t\t\t<\/div>\n\t\t\t\t<\/div>\n\t\t\t\t<\/div>\n\t\t\t\t\t<\/div>\n\t\t\t\t<\/div>\n\t\t\t\t<\/div>","protected":false},"excerpt":{"rendered":"<p>Juan Francisco Corredera Locutor profesional y actor de doblaje en activo con una trayectoria de 20 a\u00f1os de experiencia en el sector Audiovisual. Su voz la puedes escuchar a diario&#8230;<\/p>","protected":false},"author":1,"featured_media":552,"comment_status":"closed","ping_status":"closed","sticky":false,"template":"elementor_header_footer","format":"standard","meta":{"_acf_changed":false,"inline_featured_image":false,"footnotes":""},"categories":[27],"tags":[],"class_list":["post-547","post","type-post","status-publish","format-standard","has-post-thumbnail","hentry","category-profesor"],"acf":[],"_links":{"self":[{"href":"https:\/\/www.escueladoblajealicante.com\/en\/wp-json\/wp\/v2\/posts\/547","targetHints":{"allow":["GET"]}}],"collection":[{"href":"https:\/\/www.escueladoblajealicante.com\/en\/wp-json\/wp\/v2\/posts"}],"about":[{"href":"https:\/\/www.escueladoblajealicante.com\/en\/wp-json\/wp\/v2\/types\/post"}],"author":[{"embeddable":true,"href":"https:\/\/www.escueladoblajealicante.com\/en\/wp-json\/wp\/v2\/users\/1"}],"replies":[{"embeddable":true,"href":"https:\/\/www.escueladoblajealicante.com\/en\/wp-json\/wp\/v2\/comments?post=547"}],"version-history":[{"count":7,"href":"https:\/\/www.escueladoblajealicante.com\/en\/wp-json\/wp\/v2\/posts\/547\/revisions"}],"predecessor-version":[{"id":560,"href":"https:\/\/www.escueladoblajealicante.com\/en\/wp-json\/wp\/v2\/posts\/547\/revisions\/560"}],"wp:featuredmedia":[{"embeddable":true,"href":"https:\/\/www.escueladoblajealicante.com\/en\/wp-json\/wp\/v2\/media\/552"}],"wp:attachment":[{"href":"https:\/\/www.escueladoblajealicante.com\/en\/wp-json\/wp\/v2\/media?parent=547"}],"wp:term":[{"taxonomy":"category","embeddable":true,"href":"https:\/\/www.escueladoblajealicante.com\/en\/wp-json\/wp\/v2\/categories?post=547"},{"taxonomy":"post_tag","embeddable":true,"href":"https:\/\/www.escueladoblajealicante.com\/en\/wp-json\/wp\/v2\/tags?post=547"}],"curies":[{"name":"wp","href":"https:\/\/api.w.org\/{rel}","templated":true}]}}