{"id":515,"date":"2024-06-05T10:01:38","date_gmt":"2024-06-05T10:01:38","guid":{"rendered":"https:\/\/sandbox.escueladoblajealicante.com\/?p=515"},"modified":"2024-06-06T14:13:15","modified_gmt":"2024-06-06T14:13:15","slug":"chema-bazan","status":"publish","type":"post","link":"https:\/\/www.escueladoblajealicante.com\/en\/chema-bazan\/","title":{"rendered":"Chema Baz\u00e1n"},"content":{"rendered":"<div data-elementor-type=\"wp-post\" data-elementor-id=\"515\" class=\"elementor elementor-515\">\n\t\t\t\t<div class=\"elementor-element elementor-element-0f6bfae e-flex e-con-boxed cmsmasters-block-default e-con e-parent\" data-id=\"0f6bfae\" data-element_type=\"container\" data-e-type=\"container\">\n\t\t\t\t\t<div class=\"e-con-inner\">\n\t\t<div class=\"elementor-element elementor-element-979b576 e-con-full e-flex cmsmasters-block-default e-con e-child\" data-id=\"979b576\" data-element_type=\"container\" data-e-type=\"container\">\n\t\t\t\t<div class=\"elementor-element elementor-element-2c725a6 cmsmasters-block-default cmsmasters-sticky-default elementor-widget elementor-widget-image\" data-id=\"2c725a6\" data-element_type=\"widget\" data-e-type=\"widget\" data-widget_type=\"image.default\">\n\t\t\t\t<div class=\"elementor-widget-container\">\n\t\t\t\t\t\t\t\t\t\t\t\t\t\t\t<img fetchpriority=\"high\" decoding=\"async\" width=\"276\" height=\"300\" src=\"https:\/\/www.escueladoblajealicante.com\/wp-content\/uploads\/2024\/06\/chema-bazan-276x300.jpg\" class=\"attachment-medium size-medium wp-image-517\" alt=\"\" srcset=\"https:\/\/www.escueladoblajealicante.com\/wp-content\/uploads\/2024\/06\/chema-bazan-276x300.jpg 276w, https:\/\/www.escueladoblajealicante.com\/wp-content\/uploads\/2024\/06\/chema-bazan-300x326.jpg 300w, https:\/\/www.escueladoblajealicante.com\/wp-content\/uploads\/2024\/06\/chema-bazan.jpg 570w\" sizes=\"(max-width: 276px) 100vw, 276px\" \/>\t\t\t\t\t\t\t\t\t\t\t\t\t\t\t<\/div>\n\t\t\t\t<\/div>\n\t\t\t\t<\/div>\n\t\t<div class=\"elementor-element elementor-element-2f8ccb6 e-con-full e-flex cmsmasters-block-default e-con e-child\" data-id=\"2f8ccb6\" data-element_type=\"container\" data-e-type=\"container\">\n\t\t\t\t<div class=\"elementor-element elementor-element-c1c9a6b cmsmasters-block-default cmsmasters-sticky-default elementor-widget elementor-widget-heading\" data-id=\"c1c9a6b\" data-element_type=\"widget\" data-e-type=\"widget\" data-widget_type=\"heading.default\">\n\t\t\t\t<div class=\"elementor-widget-container\">\n\t\t\t\t\t<h2 class=\"elementor-heading-title elementor-size-default\">Chema Baz\u00e1n<\/h2>\t\t\t\t<\/div>\n\t\t\t\t<\/div>\n\t\t\t\t<div class=\"elementor-element elementor-element-61ee59c cmsmasters-block-default cmsmasters-sticky-default elementor-widget elementor-widget-text-editor\" data-id=\"61ee59c\" data-element_type=\"widget\" data-e-type=\"widget\" data-widget_type=\"text-editor.default\">\n\t\t\t\t<div class=\"elementor-widget-container\">\n\t\t\t\t\t\t\t\t\t<p style=\"text-align: justify;\">Con una amplia trayectoria art\u00edstica,\u00a0<a href=\"http:\/\/www.chemabazan.com\/\" target=\"_blank\" rel=\"noopener\">Chema Baz\u00e1n<\/a>\u00a0comenz\u00f3 en 1987 en el mundo de la radio y se form\u00f3 en la cadena SER y Radio Espa\u00f1a a nivel local y nacional. Tambi\u00e9n ha sido presentador y voz en off de programas de TV para televisiones locales y profesor de voz en la Universidad de Alicante, la Ciudad de la Luz y academias privadas. Sus inquietudes art\u00edsticas le llevar\u00edan a formarse en el teatro musical y a desarrollarse adem\u00e1s como actor de doblaje.<\/p><p style=\"text-align: justify;\">Es locutor y actor de doblaje en activo, y su formaci\u00f3n multidisciplinar como comunicador abarca m\u00e1s de veinticinco a\u00f1os entre Espa\u00f1a, Alemania y Suecia.<\/p><p style=\"text-align: justify;\">Como locutor, ha participado en infinidad de documentales y textos publicitarios, ha trabajado en emisoras locales de radio y televisi\u00f3n, y fue director de Radio Espa\u00f1a en Alicante.<\/p><p style=\"text-align: justify;\">Hoy en d\u00eda participa en proyectos internacionales para Apple, wmWare, SAP y muchas otras marcas. Adem\u00e1s, su voz se reconoce en el \u00e1mbito europeo en centenares de m\u00e9todos de ense\u00f1anza de espa\u00f1ol para extranjeros, en los que ha participado como actor principal o productor.<\/p><p style=\"text-align: justify;\">Desde 1995 Chema Baz\u00e1n imparte cursos y talleres como los de locuci\u00f3n publicitaria y producci\u00f3n de radio en la escuela Omni Artis (Madrid), en el master de traducci\u00f3n de la Universidad de Alicante, en la Escuela Europea de Comunicaci\u00f3n y Arte Visuales entre otros.<\/p><p style=\"text-align: justify;\">Es CEO de la Escuela de Doblaje de Alicante y de <a href=\"http:\/\/www.lucentumdigital.com\/\" target=\"_blank\" rel=\"noopener\">Lucentum Digital<\/a>, productora audiovisual. Tambi\u00e9n dirige\u00a0<a href=\"http:\/\/www.literaudio.com\/\" target=\"_blank\" rel=\"noopener\">Literaudio<\/a>, una productora de audiolibros.<\/p>\t\t\t\t\t\t\t\t<\/div>\n\t\t\t\t<\/div>\n\t\t\t\t<\/div>\n\t\t\t\t\t<\/div>\n\t\t\t\t<\/div>\n\t\t\t\t<\/div>","protected":false},"excerpt":{"rendered":"<p>Chema Baz\u00e1n Con una amplia trayectoria art\u00edstica,\u00a0Chema Baz\u00e1n\u00a0comenz\u00f3 en 1987 en el mundo de la radio y se form\u00f3 en la cadena SER y Radio Espa\u00f1a a nivel local y&#8230;<\/p>","protected":false},"author":1,"featured_media":517,"comment_status":"closed","ping_status":"closed","sticky":false,"template":"elementor_header_footer","format":"standard","meta":{"_acf_changed":false,"inline_featured_image":false,"footnotes":""},"categories":[27],"tags":[],"class_list":["post-515","post","type-post","status-publish","format-standard","has-post-thumbnail","hentry","category-profesor"],"acf":[],"_links":{"self":[{"href":"https:\/\/www.escueladoblajealicante.com\/en\/wp-json\/wp\/v2\/posts\/515","targetHints":{"allow":["GET"]}}],"collection":[{"href":"https:\/\/www.escueladoblajealicante.com\/en\/wp-json\/wp\/v2\/posts"}],"about":[{"href":"https:\/\/www.escueladoblajealicante.com\/en\/wp-json\/wp\/v2\/types\/post"}],"author":[{"embeddable":true,"href":"https:\/\/www.escueladoblajealicante.com\/en\/wp-json\/wp\/v2\/users\/1"}],"replies":[{"embeddable":true,"href":"https:\/\/www.escueladoblajealicante.com\/en\/wp-json\/wp\/v2\/comments?post=515"}],"version-history":[{"count":7,"href":"https:\/\/www.escueladoblajealicante.com\/en\/wp-json\/wp\/v2\/posts\/515\/revisions"}],"predecessor-version":[{"id":523,"href":"https:\/\/www.escueladoblajealicante.com\/en\/wp-json\/wp\/v2\/posts\/515\/revisions\/523"}],"wp:featuredmedia":[{"embeddable":true,"href":"https:\/\/www.escueladoblajealicante.com\/en\/wp-json\/wp\/v2\/media\/517"}],"wp:attachment":[{"href":"https:\/\/www.escueladoblajealicante.com\/en\/wp-json\/wp\/v2\/media?parent=515"}],"wp:term":[{"taxonomy":"category","embeddable":true,"href":"https:\/\/www.escueladoblajealicante.com\/en\/wp-json\/wp\/v2\/categories?post=515"},{"taxonomy":"post_tag","embeddable":true,"href":"https:\/\/www.escueladoblajealicante.com\/en\/wp-json\/wp\/v2\/tags?post=515"}],"curies":[{"name":"wp","href":"https:\/\/api.w.org\/{rel}","templated":true}]}}