{"id":466,"date":"2024-06-05T15:08:45","date_gmt":"2024-06-05T15:08:45","guid":{"rendered":"https:\/\/sandbox.escueladoblajealicante.com\/?p=466"},"modified":"2024-06-06T10:55:52","modified_gmt":"2024-06-06T10:55:52","slug":"alfonso-laguna","status":"publish","type":"post","link":"https:\/\/www.escueladoblajealicante.com\/en\/alfonso-laguna\/","title":{"rendered":"Alfonso Laguna"},"content":{"rendered":"<div data-elementor-type=\"wp-post\" data-elementor-id=\"466\" class=\"elementor elementor-466\">\n\t\t\t\t<div class=\"elementor-element elementor-element-0f6bfae e-flex e-con-boxed cmsmasters-block-default e-con e-parent\" data-id=\"0f6bfae\" data-element_type=\"container\" data-e-type=\"container\">\n\t\t\t\t\t<div class=\"e-con-inner\">\n\t\t<div class=\"elementor-element elementor-element-979b576 e-con-full e-flex cmsmasters-block-default e-con e-child\" data-id=\"979b576\" data-element_type=\"container\" data-e-type=\"container\">\n\t\t\t\t<div class=\"elementor-element elementor-element-2c725a6 cmsmasters-block-default cmsmasters-sticky-default elementor-widget elementor-widget-image\" data-id=\"2c725a6\" data-element_type=\"widget\" data-e-type=\"widget\" data-widget_type=\"image.default\">\n\t\t\t\t<div class=\"elementor-widget-container\">\n\t\t\t\t\t\t\t\t\t\t\t\t\t\t\t<img fetchpriority=\"high\" decoding=\"async\" width=\"276\" height=\"300\" src=\"https:\/\/www.escueladoblajealicante.com\/wp-content\/uploads\/2024\/06\/alfonso-laguna-276x300.jpg\" class=\"attachment-medium size-medium wp-image-468\" alt=\"\" srcset=\"https:\/\/www.escueladoblajealicante.com\/wp-content\/uploads\/2024\/06\/alfonso-laguna-276x300.jpg 276w, https:\/\/www.escueladoblajealicante.com\/wp-content\/uploads\/2024\/06\/alfonso-laguna-300x326.jpg 300w, https:\/\/www.escueladoblajealicante.com\/wp-content\/uploads\/2024\/06\/alfonso-laguna.jpg 570w\" sizes=\"(max-width: 276px) 100vw, 276px\" \/>\t\t\t\t\t\t\t\t\t\t\t\t\t\t\t<\/div>\n\t\t\t\t<\/div>\n\t\t\t\t<\/div>\n\t\t<div class=\"elementor-element elementor-element-2f8ccb6 e-con-full e-flex cmsmasters-block-default e-con e-child\" data-id=\"2f8ccb6\" data-element_type=\"container\" data-e-type=\"container\">\n\t\t\t\t<div class=\"elementor-element elementor-element-c1c9a6b cmsmasters-block-default cmsmasters-sticky-default elementor-widget elementor-widget-heading\" data-id=\"c1c9a6b\" data-element_type=\"widget\" data-e-type=\"widget\" data-widget_type=\"heading.default\">\n\t\t\t\t<div class=\"elementor-widget-container\">\n\t\t\t\t\t<h2 class=\"elementor-heading-title elementor-size-default\">Alfonso Laguna<\/h2>\t\t\t\t<\/div>\n\t\t\t\t<\/div>\n\t\t\t\t<div class=\"elementor-element elementor-element-61ee59c cmsmasters-block-default cmsmasters-sticky-default elementor-widget elementor-widget-text-editor\" data-id=\"61ee59c\" data-element_type=\"widget\" data-e-type=\"widget\" data-widget_type=\"text-editor.default\">\n\t\t\t\t<div class=\"elementor-widget-container\">\n\t\t\t\t\t\t\t\t\t<div class=\"col-md-8\"><div class=\"ac-teacher-content row\"><div class=\"col-md-8 col-sm-7\"><div class=\"ac-teacher-section\"><div class=\"ac-teacher-section-content\"><div class=\"wpb_row vc_row section vc_row-fluid\"><div class=\"full_section_inner clearfix\"><div class=\"vc_col-sm-12 wpb_column vc_column_container\"><div class=\"wpb_wrapper\"><div class=\"wpb_text_column wpb_content_element\"><div class=\"wpb_wrapper\"><p class=\"grispading\" style=\"text-align: justify;\">Nacido en Bilbao, estudi\u00f3 Derecho en la Universidad de Deusto y se inici\u00f3 en el mundo esc\u00e9nico gracias al teatro. A d\u00eda de hoy, Alfonso Laguna, se ha convertido en un reconocido actor y director de doblaje.<\/p><p class=\"grispading\" style=\"text-align: justify;\">En 1977 entr\u00f3 a formar parte del Cuadro de Actores de Radio Madrid, representando m\u00e1s de 300 guiones radiof\u00f3nicos, siendo \u201cLa saga de los Porretas\u201d una de las m\u00e1s destacadas.<\/p><p class=\"grispading\" style=\"text-align: justify;\">Desde entonces, ha intervenido en numerosas series como \u201cThe Closer\u201d, \u201cAlly McBeal\u201d y en pel\u00edculas como \u201cTaps: m\u00e1s all\u00e1 del honor\u201d, la saga de \u201cLoca Academia de Policia\u201d dando voz al famoso agente Jones (la caja de sonidos), \u201cAlgo pasa con Mary\u201d, Calcifer en \u00abEl Castillo Ambilante\u00bb y un largo etc\u00e9tera. Tambi\u00e9n ha aparecido como actor de imagen en series espa\u00f1olas como \u201cEl Comisario\u201d.<\/p><p class=\"grispading\" style=\"text-align: justify;\">Ha dirigido el doblaje de la serie \u201cCr\u00f3nicas vamp\u00edricas (The Vampire Diaries)\u201d, un gran n\u00famero de pel\u00edculas de Studio Ghibli y ejerce como profesor de doblaje y arte dram\u00e1tico aplicado.<\/p><\/div><\/div><\/div><\/div><\/div><\/div><\/div><\/div><\/div><\/div><\/div><aside id=\"secondary\" class=\"widget-area col-md-4 col-sm-12 col-xs-12\"><section id=\"search-2\" class=\"widget widget_search\"><form class=\"form-inline form-search\" action=\"https:\/\/www.escueladoblajealicante.com\/en\/\" method=\"get\" data-trp-original-action=\"https:\/\/www.escueladoblajealicante.com\/\"><input type=\"hidden\" name=\"trp-form-language\" value=\"en\"\/><\/form><\/section><\/aside>\t\t\t\t\t\t\t\t<\/div>\n\t\t\t\t<\/div>\n\t\t\t\t<\/div>\n\t\t\t\t\t<\/div>\n\t\t\t\t<\/div>\n\t\t\t\t<\/div>","protected":false},"excerpt":{"rendered":"<p>Alfonso Laguna Nacido en Bilbao, estudi\u00f3 Derecho en la Universidad de Deusto y se inici\u00f3 en el mundo esc\u00e9nico gracias al teatro. A d\u00eda de hoy, Alfonso Laguna, se ha&#8230;<\/p>","protected":false},"author":1,"featured_media":468,"comment_status":"closed","ping_status":"closed","sticky":false,"template":"elementor_header_footer","format":"standard","meta":{"_acf_changed":false,"inline_featured_image":false,"footnotes":""},"categories":[27],"tags":[],"class_list":["post-466","post","type-post","status-publish","format-standard","has-post-thumbnail","hentry","category-profesor"],"acf":[],"_links":{"self":[{"href":"https:\/\/www.escueladoblajealicante.com\/en\/wp-json\/wp\/v2\/posts\/466","targetHints":{"allow":["GET"]}}],"collection":[{"href":"https:\/\/www.escueladoblajealicante.com\/en\/wp-json\/wp\/v2\/posts"}],"about":[{"href":"https:\/\/www.escueladoblajealicante.com\/en\/wp-json\/wp\/v2\/types\/post"}],"author":[{"embeddable":true,"href":"https:\/\/www.escueladoblajealicante.com\/en\/wp-json\/wp\/v2\/users\/1"}],"replies":[{"embeddable":true,"href":"https:\/\/www.escueladoblajealicante.com\/en\/wp-json\/wp\/v2\/comments?post=466"}],"version-history":[{"count":19,"href":"https:\/\/www.escueladoblajealicante.com\/en\/wp-json\/wp\/v2\/posts\/466\/revisions"}],"predecessor-version":[{"id":504,"href":"https:\/\/www.escueladoblajealicante.com\/en\/wp-json\/wp\/v2\/posts\/466\/revisions\/504"}],"wp:featuredmedia":[{"embeddable":true,"href":"https:\/\/www.escueladoblajealicante.com\/en\/wp-json\/wp\/v2\/media\/468"}],"wp:attachment":[{"href":"https:\/\/www.escueladoblajealicante.com\/en\/wp-json\/wp\/v2\/media?parent=466"}],"wp:term":[{"taxonomy":"category","embeddable":true,"href":"https:\/\/www.escueladoblajealicante.com\/en\/wp-json\/wp\/v2\/categories?post=466"},{"taxonomy":"post_tag","embeddable":true,"href":"https:\/\/www.escueladoblajealicante.com\/en\/wp-json\/wp\/v2\/tags?post=466"}],"curies":[{"name":"wp","href":"https:\/\/api.w.org\/{rel}","templated":true}]}}