{"id":17925,"date":"2025-06-04T09:27:22","date_gmt":"2025-06-04T09:27:22","guid":{"rendered":"https:\/\/www.escueladoblajealicante.com\/?p=17925"},"modified":"2025-06-16T07:57:58","modified_gmt":"2025-06-16T07:57:58","slug":"janet-jackson-tyler-lummer","status":"publish","type":"post","link":"https:\/\/www.escueladoblajealicante.com\/en\/janet-jackson-tyler-lummer\/","title":{"rendered":"Janet Jackson Tyler Lummer"},"content":{"rendered":"<div data-elementor-type=\"wp-post\" data-elementor-id=\"17925\" class=\"elementor elementor-17925\">\n\t\t\t\t<div class=\"elementor-element elementor-element-0f6bfae e-flex e-con-boxed cmsmasters-block-default e-con e-parent\" data-id=\"0f6bfae\" data-element_type=\"container\" data-e-type=\"container\">\n\t\t\t\t\t<div class=\"e-con-inner\">\n\t\t<div class=\"elementor-element elementor-element-979b576 e-con-full e-flex cmsmasters-block-default e-con e-child\" data-id=\"979b576\" data-element_type=\"container\" data-e-type=\"container\">\n\t\t\t\t<div class=\"elementor-element elementor-element-2c725a6 cmsmasters-block-default cmsmasters-sticky-default elementor-widget elementor-widget-image\" data-id=\"2c725a6\" data-element_type=\"widget\" data-e-type=\"widget\" data-widget_type=\"image.default\">\n\t\t\t\t<div class=\"elementor-widget-container\">\n\t\t\t\t\t\t\t\t\t\t\t\t\t\t\t<img fetchpriority=\"high\" decoding=\"async\" width=\"296\" height=\"300\" src=\"https:\/\/www.escueladoblajealicante.com\/wp-content\/uploads\/JANET-JACKSON-TYLER-LUMMER-296x300.webp\" class=\"attachment-medium size-medium wp-image-17927\" alt=\"\" srcset=\"https:\/\/www.escueladoblajealicante.com\/wp-content\/uploads\/JANET-JACKSON-TYLER-LUMMER-296x300.webp 296w, https:\/\/www.escueladoblajealicante.com\/wp-content\/uploads\/JANET-JACKSON-TYLER-LUMMER-300x304.webp 300w, https:\/\/www.escueladoblajealicante.com\/wp-content\/uploads\/JANET-JACKSON-TYLER-LUMMER-100x100.webp 100w, https:\/\/www.escueladoblajealicante.com\/wp-content\/uploads\/JANET-JACKSON-TYLER-LUMMER.webp 407w\" sizes=\"(max-width: 296px) 100vw, 296px\" \/>\t\t\t\t\t\t\t\t\t\t\t\t\t\t\t<\/div>\n\t\t\t\t<\/div>\n\t\t\t\t<div class=\"elementor-element elementor-element-5bd5013 cmsmasters-block-default cmsmasters-sticky-default elementor-widget elementor-widget-spacer\" data-id=\"5bd5013\" data-element_type=\"widget\" data-e-type=\"widget\" data-widget_type=\"spacer.default\">\n\t\t\t\t<div class=\"elementor-widget-container\">\n\t\t\t\t\t\t\t<div class=\"elementor-spacer\">\n\t\t\t<div class=\"elementor-spacer-inner\"><\/div>\n\t\t<\/div>\n\t\t\t\t\t\t<\/div>\n\t\t\t\t<\/div>\n\t\t\t\t<div class=\"elementor-element elementor-element-a49dae6 cmsmasters-block-default cmsmasters-sticky-default elementor-widget elementor-widget-video\" data-id=\"a49dae6\" data-element_type=\"widget\" data-e-type=\"widget\" data-settings=\"{&quot;youtube_url&quot;:&quot;https:\\\/\\\/youtu.be\\\/0urxLRwGTt0&quot;,&quot;video_type&quot;:&quot;youtube&quot;,&quot;controls&quot;:&quot;yes&quot;}\" data-widget_type=\"video.default\">\n\t\t\t\t<div class=\"elementor-widget-container\">\n\t\t\t\t\t\t\t<div class=\"elementor-wrapper elementor-open-inline\">\n\t\t\t<div class=\"elementor-video\"><\/div>\t\t<\/div>\n\t\t\t\t\t\t<\/div>\n\t\t\t\t<\/div>\n\t\t\t\t<\/div>\n\t\t<div class=\"elementor-element elementor-element-2f8ccb6 e-con-full e-flex cmsmasters-block-default e-con e-child\" data-id=\"2f8ccb6\" data-element_type=\"container\" data-e-type=\"container\">\n\t\t\t\t<div class=\"elementor-element elementor-element-c1c9a6b cmsmasters-block-default cmsmasters-sticky-default elementor-widget elementor-widget-heading\" data-id=\"c1c9a6b\" data-element_type=\"widget\" data-e-type=\"widget\" data-widget_type=\"heading.default\">\n\t\t\t\t<div class=\"elementor-widget-container\">\n\t\t\t\t\t<h2 class=\"elementor-heading-title elementor-size-default\">Janet Jackson Tyler Lummer<\/h2>\t\t\t\t<\/div>\n\t\t\t\t<\/div>\n\t\t\t\t<div class=\"elementor-element elementor-element-61ee59c cmsmasters-block-default cmsmasters-sticky-default elementor-widget elementor-widget-text-editor\" data-id=\"61ee59c\" data-element_type=\"widget\" data-e-type=\"widget\" data-widget_type=\"text-editor.default\">\n\t\t\t\t<div class=\"elementor-widget-container\">\n\t\t\t\t\t\t\t\t\t<div class=\"FeedBlockStory TaskStoryFeed-blockStory TaskStoryFeed-blockStory--highlighted\" data-testid=\"FeedBlockStory\"><div class=\"FeedBlockStory-content\"><div class=\"BlockStoryStructure BlockStory Stack Stack--align-stretch Stack--direction-row Stack--display-block Stack--justify-start HighlightSol HighlightSol--buildingBlock\"><div class=\"BlockStoryStructure-block\"><div class=\"BlockStoryStructure-body\"><div class=\"TruncatedRichText\" role=\"presentation\"><div class=\"RichText3 TruncatedRichText-richText\"><div>\ud83c\uddea\ud83c\uddf8<\/div><div style=\"text-align: justify;\">Janet es una coach vocal reconocida internacionalmente, directora de coro e int\u00e9rprete con m\u00e1s de cuatro d\u00e9cadas de experiencia en Estados Unidos, Alemania, Espa\u00f1a y otros pa\u00edses. Ha ocupado cargos de liderazgo como Directora del Coro de la Oficina de Propiedad Intelectual de la Uni\u00f3n Europea (EUIPO) y ha ense\u00f1ado y actuado en importantes escenarios y festivales, incluyendo el Edinburgh Fringe y programas de talentos de TV.<\/div><div class=\"TypographyPresentation TypographyPresentation--medium RichText3-paragraph--withVSpacingNormal RichText3-paragraph HighlightSol HighlightSol--buildingBlock\" style=\"text-align: justify;\">\u00a0<\/div><div class=\"TypographyPresentation TypographyPresentation--medium RichText3-paragraph--withVSpacingNormal RichText3-paragraph HighlightSol HighlightSol--buildingBlock\" style=\"text-align: justify;\">Un pilar central en la carrera de Janet es la fundaci\u00f3n y direcci\u00f3n de PG Management, una de las principales agencias de Alemania que representa a artistas de teatro musical. Desde 1993, PG Management ha colocado a cantantes, bailarines, actores y profesionales creativos en papeles principales en las producciones m\u00e1s prestigiosas de Europa, como El Fantasma de la \u00d3pera, El Rey Le\u00f3n, Cats, Los Miserables y Mamma Mia. La agencia de Janet es reconocida por su amplia red de contactos y un profundo conocimiento del panorama profesional del teatro musical, lo que le proporciona una visi\u00f3n \u00fanica de los est\u00e1ndares de la industria y los requisitos de casting.<\/div><div class=\"TypographyPresentation TypographyPresentation--medium RichText3-paragraph--withVSpacingNormal RichText3-paragraph HighlightSol HighlightSol--buildingBlock\" style=\"text-align: justify;\">\u00a0<\/div><div class=\"TypographyPresentation TypographyPresentation--medium RichText3-paragraph--withVSpacingNormal RichText3-paragraph HighlightSol HighlightSol--buildingBlock\" style=\"text-align: justify;\">Su experiencia abarca una amplia gama de g\u00e9neros, incluyendo \u00f3pera, g\u00f3spel, jazz y teatro musical, y es conocida por su capacidad para ense\u00f1ar dicci\u00f3n en ingl\u00e9s, teor\u00eda musical y canto en conjunto.<\/div><div class=\"TypographyPresentation TypographyPresentation--medium RichText3-paragraph--withVSpacingNormal RichText3-paragraph HighlightSol HighlightSol--buildingBlock\" style=\"text-align: justify;\">\u00a0<\/div><div class=\"TypographyPresentation TypographyPresentation--medium RichText3-paragraph--withVSpacingNormal RichText3-paragraph HighlightSol HighlightSol--buildingBlock\" style=\"text-align: justify;\">Janet tambi\u00e9n est\u00e1 profundamente comprometida con el impacto social a trav\u00e9s de la m\u00fasica, como lo demuestra la fundaci\u00f3n de la organizaci\u00f3n sin \u00e1nimo de lucro aRTISTS iN dIVINE sPIRIT e.V., que apoya a ni\u00f1os afectados por el VIH\/SIDA en todo el mundo.<\/div><div class=\"TypographyPresentation TypographyPresentation--medium RichText3-paragraph--withVSpacingNormal RichText3-paragraph HighlightSol HighlightSol--buildingBlock\" style=\"text-align: justify;\">\u00a0<\/div><div class=\"TypographyPresentation TypographyPresentation--medium RichText3-paragraph--withVSpacingNormal RichText3-paragraph HighlightSol HighlightSol--buildingBlock\" style=\"text-align: justify;\">Experiencia profesional:<\/div><ul><li class=\"TypographyPresentation TypographyPresentation--medium RichText3-paragraph--withVSpacingNormal RichText3-paragraph HighlightSol HighlightSol--buildingBlock\" style=\"text-align: justify;\">2022\u2013Presente: Directora de Coro, Oficina de Propiedad Intelectual de la Uni\u00f3n Europea (EUIPO), Alicante, Espa\u00f1a<\/li><li class=\"TypographyPresentation TypographyPresentation--medium RichText3-paragraph--withVSpacingNormal RichText3-paragraph HighlightSol HighlightSol--buildingBlock\" style=\"text-align: justify;\">2019: Directora Asociada de Casting \/ Productora Asociada, TERRAtory (Obra Teatral), Edinburgh Fringe Festival<\/li><li class=\"TypographyPresentation TypographyPresentation--medium RichText3-paragraph--withVSpacingNormal RichText3-paragraph HighlightSol HighlightSol--buildingBlock\" style=\"text-align: justify;\">2016\u2013Presente: Profesora de Canto e Int\u00e9rprete, \u201cLos Or\u00edgenes de Tus M\u00fasicas,\u201d UA Paraninfo, ADDA, Teatro Wagner<\/li><li class=\"TypographyPresentation TypographyPresentation--medium RichText3-paragraph--withVSpacingNormal RichText3-paragraph HighlightSol HighlightSol--buildingBlock\" style=\"text-align: justify;\">2014\u2013Presente: Profesora Particular de Canto, PG Management<\/li><li class=\"TypographyPresentation TypographyPresentation--medium RichText3-paragraph--withVSpacingNormal RichText3-paragraph HighlightSol HighlightSol--buildingBlock\" style=\"text-align: justify;\">2006\u20132014: Directora del Departamento de Voz, Academia Galileo, Alicante, Espa\u00f1a. Asesora art\u00edstica y profesora, especializada en dicci\u00f3n en ingl\u00e9s, teor\u00eda musical, g\u00f3spel y direcci\u00f3n de coros. Creadora del musical \u201cAlicante.\u201d<\/li><li class=\"TypographyPresentation TypographyPresentation--medium RichText3-paragraph--withVSpacingNormal RichText3-paragraph HighlightSol HighlightSol--buildingBlock\" style=\"text-align: justify;\">2007\u2013Presente: Profesora de Ingl\u00e9s, Escuelas P\u00fablicas y Privadas<\/li><li class=\"TypographyPresentation TypographyPresentation--medium RichText3-paragraph--withVSpacingNormal RichText3-paragraph HighlightSol HighlightSol--buildingBlock\" style=\"text-align: justify;\">2005\u2013Presente: Fundadora, aRTISTS iN dIVINE sPIRIT e.V. (501c3). \u2013 Fundaci\u00f3n sin \u00e1nimo de lucro que apoya a ni\u00f1os hu\u00e9rfanos por el VIH\/SIDA en todo el mundo.<\/li><li class=\"TypographyPresentation TypographyPresentation--medium RichText3-paragraph--withVSpacingNormal RichText3-paragraph HighlightSol HighlightSol--buildingBlock\" style=\"text-align: justify;\">2004\/05: Coach Vocal, Pro 7 TV, Alemania (\u201cPop Stars\u201d) \u2013 Selecci\u00f3n de participantes para un programa de talentos emitido a nivel nacional.<\/li><li class=\"TypographyPresentation TypographyPresentation--medium RichText3-paragraph--withVSpacingNormal RichText3-paragraph HighlightSol HighlightSol--buildingBlock\" style=\"text-align: justify;\">2002\u20132012: Fundadora de Talleres de Audici\u00f3n Triple Threat A.I.S. en Marktoberdorf, Bayerische Musikakademie \u2013 Dise\u00f1o y liderazgo de talleres integrando canto, actuaci\u00f3n y danza.<\/li><li class=\"TypographyPresentation TypographyPresentation--medium RichText3-paragraph--withVSpacingNormal RichText3-paragraph HighlightSol HighlightSol--buildingBlock\" style=\"text-align: justify;\">1996\/97: Co-productora \/ actriz (Twanda) en \u201cRITA\u2019S WUNDERBAR,\u201d TV M\u00fcnchen \u2013 Primera mujer afroamericana en coproducir un programa de televisi\u00f3n en Alemania.<\/li><li class=\"TypographyPresentation TypographyPresentation--medium RichText3-paragraph--withVSpacingNormal RichText3-paragraph HighlightSol HighlightSol--buildingBlock\" style=\"text-align: justify;\">1996: Productora e Int\u00e9rprete, Concierto Big Band\/G\u00f3spel del 4 de Julio, Little Oktoberfest, M\u00fanich.<\/li><li class=\"TypographyPresentation TypographyPresentation--medium RichText3-paragraph--withVSpacingNormal RichText3-paragraph HighlightSol HighlightSol--buildingBlock\" style=\"text-align: justify;\">1994: Supervisora de Producci\u00f3n y Asistente Personal, Gira de Conciertos de la Dra. Prof. Kammers\u00e4nger Felicia Weathers.<\/li><li class=\"TypographyPresentation TypographyPresentation--medium RichText3-paragraph--withVSpacingNormal RichText3-paragraph HighlightSol HighlightSol--buildingBlock\" style=\"text-align: justify;\">1994: Gerente General de Oficina, NY Harlem Opera Productions, M\u00fanich \u2013 Directora de casting para la gira europea de \u201cPorgy and Bess\u201d; gesti\u00f3n de presupuestos y log\u00edstica de la gira.<\/li><li class=\"TypographyPresentation TypographyPresentation--medium RichText3-paragraph--withVSpacingNormal RichText3-paragraph HighlightSol HighlightSol--buildingBlock\" style=\"text-align: justify;\">1993\u2013Presente: Fundadora, Agencia de Teatro Musical, M\u00fanich y Alicante \u2013 Gesti\u00f3n de contratos, casting y producci\u00f3n para proyectos de teatro musical.<\/li><li class=\"TypographyPresentation TypographyPresentation--medium RichText3-paragraph--withVSpacingNormal RichText3-paragraph HighlightSol HighlightSol--buildingBlock\" style=\"text-align: justify;\">1986\u20131993: Int\u00e9rprete, Teatros de Europa \u2013 Amplia experiencia esc\u00e9nica en \u00f3pera, teatro musical, g\u00f3spel y jazz como mezzosoprano.<\/li><li class=\"TypographyPresentation TypographyPresentation--medium RichText3-paragraph--withVSpacingNormal RichText3-paragraph HighlightSol HighlightSol--buildingBlock\" style=\"text-align: justify;\">1985\/86: Directora Administrativa, Verne Pershing Productions, Hollywood, CA \u2013 Directora de casting, asesora y supervisora de guiones para producciones de cine y teatro.<\/li><li class=\"TypographyPresentation TypographyPresentation--medium RichText3-paragraph--withVSpacingNormal RichText3-paragraph HighlightSol HighlightSol--buildingBlock\" style=\"text-align: justify;\">1973\u2013Presente: Profesora Particular de Canto, EE.UU., Alemania, Espa\u00f1a \u2013 M\u00e1s de cuatro d\u00e9cadas de ense\u00f1anza vocal privada en varios pa\u00edses.<\/li><\/ul><\/div><\/div><\/div><\/div><\/div><\/div><\/div>\t\t\t\t\t\t\t\t<\/div>\n\t\t\t\t<\/div>\n\t\t\t\t<div class=\"elementor-element elementor-element-70756f9 cmsmasters-block-default cmsmasters-sticky-default elementor-widget elementor-widget-text-editor\" data-id=\"70756f9\" data-element_type=\"widget\" data-e-type=\"widget\" data-widget_type=\"text-editor.default\">\n\t\t\t\t<div class=\"elementor-widget-container\">\n\t\t\t\t\t\t\t\t\t<p>\ud83c\uddfa\ud83c\uddf8<br \/>Janet is an accomplished vocal coach, choir director, and performer with over four decades of international experience spanning the United States, Germany, Spain, and beyond.<\/p><p style=\"text-align: justify;\">She has held leadership roles such as Choir Director at the European Union Intellectual Property Office (EUIPO) and has taught and performed at major venues and festivals, including the Edinburgh Fringe and televised talent shows.<\/p><p style=\"text-align: justify;\">A central pillar of Janet\u2019s career is her founding and ongoing leadership of PG Management, one of Germany\u2019s premier agencies representing musical theater performers. Since 1993, PG Management has placed singers, dancers, actors, and creative professionals in leading roles across Europe\u2019s most prestigious productions\u2014such as The Phantom of the Opera, The Lion King, Cats, Les Mis\u00e9rables, and Mamma Mia. Janet\u2019s agency is recognized for its extensive network and deep understanding of the professional musical theater landscape, providing her with unique insights into industry standards and casting requirements.<\/p><p style=\"text-align: justify;\">Her expertise covers a wide range of genres, including opera, gospel, jazz, and musical theater, and she is known for her ability to teach English diction, music theory, and ensemble singing. Janet is also deeply committed to social impact through music, as demonstrated by her founding of the non-profit aRTISTS iN dIVINE sPIRIT e.V., supporting children affected by HIV\/AIDS worldwide.<\/p><ul><li style=\"text-align: justify;\">2022\u2013Present: Choir Director, European Union Intellectual Property Office (EUIPO), Alicante, Spain<\/li><li style=\"text-align: justify;\">2019: Associate Casting Director \/ Associate Producer, TERRAtory (Theatrical Play), Edinburgh Fringe Festival<\/li><li style=\"text-align: justify;\">2016\u2013Present: Vocal Teacher &amp; Performer, \u201cLos Or\u00edgenes de Tus M\u00fasicas,\u201d UA Paraninfo, ADDA, Teatro Wagner<\/li><li style=\"text-align: justify;\">2014\u2013Present: Private Voice Teacher, PG Management<\/li><li style=\"text-align: justify;\">2006\u20132014: Chairman, Voice Department, Academia Galileo, Alicante, Spain. Artistic advisor and teacher, specializing in English diction, music theory, gospel, and choir direction. Creator of the musical \u201cAlicante.\u201d<\/li><li style=\"text-align: justify;\">2007\u2013Present: English Teacher, Private and Public Schools<\/li><li style=\"text-align: justify;\">2005\u2013Present: Founder, aRTISTS iN dIVINE sPIRIT e.V. (501c3). &#8211; Established a non-profit foundation supporting children orphaned by HIV\/AIDS worldwide.<\/li><li style=\"text-align: justify;\">2004\/05: Vocal Coach, Pro 7 TV, Germany (\u201cPop Stars\u201d) \u2013 Selected participants for a nationally televised talent show.<\/li><li style=\"text-align: justify;\">2002\u20132012: Founder, A.I.S. Triple Threat Audition Workshops, Marktoberdorf, Bayerische Musikakademie &#8211; Designed and led workshops integrating singing, acting, and dance.<\/li><li style=\"text-align: justify;\">1996\/97: Co-Producer \/ Actress (Twanda), \u201cRITA\u2019S WUNDERBAR,\u201d TV M\u00fcnchen \u2013 First Black American woman to co-produce a TV show in Germany.<\/li><li style=\"text-align: justify;\">1996: Producer &amp; Performer, 4th of July Big Band\/Gospel Concert, Little Oktoberfest, Munich.<\/li><li style=\"text-align: justify;\">1994: Production Supervisor &amp; Personal Assistant, Dr. Prof. Kammers\u00e4nger Felicia Weathers Concert Tour.<\/li><li style=\"text-align: justify;\">1994: General Office Manager, NY Harlem Opera Productions, Munich &#8211; Casting director for European \u201cPorgy and Bess\u201d tour; handled budgeting and tour logistics.<\/li><li style=\"text-align: justify;\">1993\u2013Present: Founder, Musical Theater Agency, Munich &amp; Alicante Manages contracts, casting, and production for musical theater projects.<\/li><li style=\"text-align: justify;\">1986\u20131993: Performer, Theaters Across Europe &#8211; Extensive stage experience in opera, musical theater, gospel, and jazz as a mezzo-soprano.<\/li><li style=\"text-align: justify;\">1985\/86: Administrative Director, Verne Pershing Productions, Hollywood, CA &#8211; Casting director, advisor, and script supervisor for film and stage productions.<\/li><li style=\"text-align: justify;\">\u200b1973\u2013Present: Private Voice Teacher, USA, Germany, Spain &#8211; Over four decades of private vocal instruction in multiple countries.<\/li><\/ul>\t\t\t\t\t\t\t\t<\/div>\n\t\t\t\t<\/div>\n\t\t\t\t<\/div>\n\t\t\t\t\t<\/div>\n\t\t\t\t<\/div>\n\t\t\t\t<\/div>","protected":false},"excerpt":{"rendered":"<p>Janet Jackson Tyler Lummer \ud83c\uddea\ud83c\uddf8Janet es una coach vocal reconocida internacionalmente, directora de coro e int\u00e9rprete con m\u00e1s de cuatro d\u00e9cadas de experiencia en Estados Unidos, Alemania, Espa\u00f1a y otros&#8230;<\/p>","protected":false},"author":1,"featured_media":17927,"comment_status":"closed","ping_status":"closed","sticky":false,"template":"elementor_header_footer","format":"standard","meta":{"_acf_changed":false,"inline_featured_image":false,"footnotes":""},"categories":[27],"tags":[],"class_list":["post-17925","post","type-post","status-publish","format-standard","has-post-thumbnail","hentry","category-profesor"],"acf":[],"_links":{"self":[{"href":"https:\/\/www.escueladoblajealicante.com\/en\/wp-json\/wp\/v2\/posts\/17925","targetHints":{"allow":["GET"]}}],"collection":[{"href":"https:\/\/www.escueladoblajealicante.com\/en\/wp-json\/wp\/v2\/posts"}],"about":[{"href":"https:\/\/www.escueladoblajealicante.com\/en\/wp-json\/wp\/v2\/types\/post"}],"author":[{"embeddable":true,"href":"https:\/\/www.escueladoblajealicante.com\/en\/wp-json\/wp\/v2\/users\/1"}],"replies":[{"embeddable":true,"href":"https:\/\/www.escueladoblajealicante.com\/en\/wp-json\/wp\/v2\/comments?post=17925"}],"version-history":[{"count":25,"href":"https:\/\/www.escueladoblajealicante.com\/en\/wp-json\/wp\/v2\/posts\/17925\/revisions"}],"predecessor-version":[{"id":18013,"href":"https:\/\/www.escueladoblajealicante.com\/en\/wp-json\/wp\/v2\/posts\/17925\/revisions\/18013"}],"wp:featuredmedia":[{"embeddable":true,"href":"https:\/\/www.escueladoblajealicante.com\/en\/wp-json\/wp\/v2\/media\/17927"}],"wp:attachment":[{"href":"https:\/\/www.escueladoblajealicante.com\/en\/wp-json\/wp\/v2\/media?parent=17925"}],"wp:term":[{"taxonomy":"category","embeddable":true,"href":"https:\/\/www.escueladoblajealicante.com\/en\/wp-json\/wp\/v2\/categories?post=17925"},{"taxonomy":"post_tag","embeddable":true,"href":"https:\/\/www.escueladoblajealicante.com\/en\/wp-json\/wp\/v2\/tags?post=17925"}],"curies":[{"name":"wp","href":"https:\/\/api.w.org\/{rel}","templated":true}]}}