{"id":17852,"date":"2025-05-13T15:00:45","date_gmt":"2025-05-13T15:00:45","guid":{"rendered":"https:\/\/www.escueladoblajealicante.com\/?p=17852"},"modified":"2025-05-13T15:14:09","modified_gmt":"2025-05-13T15:14:09","slug":"cristian-gambin","status":"publish","type":"post","link":"https:\/\/www.escueladoblajealicante.com\/en\/cristian-gambin\/","title":{"rendered":"Cristian Gamb\u00edn"},"content":{"rendered":"<div data-elementor-type=\"wp-post\" data-elementor-id=\"17852\" class=\"elementor elementor-17852\">\n\t\t\t\t<div class=\"elementor-element elementor-element-0f6bfae e-flex e-con-boxed cmsmasters-block-default e-con e-parent\" data-id=\"0f6bfae\" data-element_type=\"container\" data-e-type=\"container\">\n\t\t\t\t\t<div class=\"e-con-inner\">\n\t\t<div class=\"elementor-element elementor-element-979b576 e-con-full e-flex cmsmasters-block-default e-con e-child\" data-id=\"979b576\" data-element_type=\"container\" data-e-type=\"container\">\n\t\t\t\t<div class=\"elementor-element elementor-element-2c725a6 cmsmasters-block-default cmsmasters-sticky-default elementor-widget elementor-widget-image\" data-id=\"2c725a6\" data-element_type=\"widget\" data-e-type=\"widget\" data-widget_type=\"image.default\">\n\t\t\t\t<div class=\"elementor-widget-container\">\n\t\t\t\t\t\t\t\t\t\t\t\t\t\t\t<img fetchpriority=\"high\" decoding=\"async\" width=\"276\" height=\"300\" src=\"https:\/\/www.escueladoblajealicante.com\/wp-content\/uploads\/cristian-gambin-276x300.webp\" class=\"attachment-medium size-medium wp-image-17855\" alt=\"\" srcset=\"https:\/\/www.escueladoblajealicante.com\/wp-content\/uploads\/cristian-gambin-276x300.webp 276w, https:\/\/www.escueladoblajealicante.com\/wp-content\/uploads\/cristian-gambin-768x835.webp 768w, https:\/\/www.escueladoblajealicante.com\/wp-content\/uploads\/cristian-gambin-300x326.webp 300w, https:\/\/www.escueladoblajealicante.com\/wp-content\/uploads\/cristian-gambin-600x652.webp 600w, https:\/\/www.escueladoblajealicante.com\/wp-content\/uploads\/cristian-gambin.webp 804w\" sizes=\"(max-width: 276px) 100vw, 276px\" \/>\t\t\t\t\t\t\t\t\t\t\t\t\t\t\t<\/div>\n\t\t\t\t<\/div>\n\t\t\t\t<\/div>\n\t\t<div class=\"elementor-element elementor-element-2f8ccb6 e-con-full e-flex cmsmasters-block-default e-con e-child\" data-id=\"2f8ccb6\" data-element_type=\"container\" data-e-type=\"container\">\n\t\t\t\t<div class=\"elementor-element elementor-element-c1c9a6b cmsmasters-block-default cmsmasters-sticky-default elementor-widget elementor-widget-heading\" data-id=\"c1c9a6b\" data-element_type=\"widget\" data-e-type=\"widget\" data-widget_type=\"heading.default\">\n\t\t\t\t<div class=\"elementor-widget-container\">\n\t\t\t\t\t<h2 class=\"elementor-heading-title elementor-size-default\">Cristian Gamb\u00edn<\/h2>\t\t\t\t<\/div>\n\t\t\t\t<\/div>\n\t\t\t\t<div class=\"elementor-element elementor-element-61ee59c cmsmasters-block-default cmsmasters-sticky-default elementor-widget elementor-widget-text-editor\" data-id=\"61ee59c\" data-element_type=\"widget\" data-e-type=\"widget\" data-widget_type=\"text-editor.default\">\n\t\t\t\t<div class=\"elementor-widget-container\">\n\t\t\t\t\t\t\t\t\t<p style=\"text-align: justify;\">Cristian Gamb\u00edn nace en Elda, en nuestra tierra, en 1994 y ya desde su tierna infancia sab\u00eda que las \u00abvoces de las pel\u00edculas\u00bb era algo que le fascinaba. Desde peque\u00f1o hizo teatro y recitales de poes\u00eda, disciplinas que le acercaban a su futura vocaci\u00f3n. Tras tomar varios rumbos y comenzar a estudiar una carrera de historia en la UA, decidi\u00f3 dejar todo atr\u00e1s para dedicarse de lleno a lo que \u00e9l sab\u00eda que era su pasi\u00f3n, el doblaje.<\/p><p style=\"text-align: justify;\">Comenz\u00f3 su formaci\u00f3n en la Escuela de Doblaje de Alicante, su casa, donde descubri\u00f3 el doblaje y donde comenzar\u00eda toda su odisea. Aqu\u00ed le formaron profesionales como Alfonso Laguna o Raquel Cubillo, quienes posteriormente le seguir\u00edan formando en Madrid y m\u00e1s tarde en lo har\u00eda en Valencia.<\/p><p style=\"text-align: justify;\">Desde entonces ha trabajado en diferentes producciones de anime como Kimetsu no Yaiba (Gyokko), Overlord (Raeven, Touch Me), Naruto (Mu, Shira), Shingeki No Kyojin (Daz), Danmachi (Dormul), Code Geass (Kinoshita), Hello Kitty Super Style! (Vastus), e incluso en peliculas como Haikyu La Batalla del Basurero (Bokuto) y The First Slam Dunk (Yasuda). Adem\u00e1s, tambi\u00e9n es la voz de Drago en la \u00faltima serie de Bakugan y ha participado en las series Harley Quinn (Gorilla Grodd) y Hombre Cometa (Darkseid).<\/p><p style=\"text-align: justify;\">Ahora vuelve a casa, para seguir formando a las nuevas generaciones de actores y actrices de doblaje.<\/p>\t\t\t\t\t\t\t\t<\/div>\n\t\t\t\t<\/div>\n\t\t\t\t<\/div>\n\t\t\t\t\t<\/div>\n\t\t\t\t<\/div>\n\t\t\t\t<\/div>","protected":false},"excerpt":{"rendered":"<p>Cristian Gamb\u00edn Cristian Gamb\u00edn nace en Elda, en nuestra tierra, en 1994 y ya desde su tierna infancia sab\u00eda que las \u00abvoces de las pel\u00edculas\u00bb era algo que le fascinaba&#8230;.<\/p>","protected":false},"author":1,"featured_media":17855,"comment_status":"closed","ping_status":"closed","sticky":false,"template":"elementor_header_footer","format":"standard","meta":{"_acf_changed":false,"inline_featured_image":false,"footnotes":""},"categories":[27],"tags":[],"class_list":["post-17852","post","type-post","status-publish","format-standard","has-post-thumbnail","hentry","category-profesor"],"acf":[],"_links":{"self":[{"href":"https:\/\/www.escueladoblajealicante.com\/en\/wp-json\/wp\/v2\/posts\/17852","targetHints":{"allow":["GET"]}}],"collection":[{"href":"https:\/\/www.escueladoblajealicante.com\/en\/wp-json\/wp\/v2\/posts"}],"about":[{"href":"https:\/\/www.escueladoblajealicante.com\/en\/wp-json\/wp\/v2\/types\/post"}],"author":[{"embeddable":true,"href":"https:\/\/www.escueladoblajealicante.com\/en\/wp-json\/wp\/v2\/users\/1"}],"replies":[{"embeddable":true,"href":"https:\/\/www.escueladoblajealicante.com\/en\/wp-json\/wp\/v2\/comments?post=17852"}],"version-history":[{"count":7,"href":"https:\/\/www.escueladoblajealicante.com\/en\/wp-json\/wp\/v2\/posts\/17852\/revisions"}],"predecessor-version":[{"id":17861,"href":"https:\/\/www.escueladoblajealicante.com\/en\/wp-json\/wp\/v2\/posts\/17852\/revisions\/17861"}],"wp:featuredmedia":[{"embeddable":true,"href":"https:\/\/www.escueladoblajealicante.com\/en\/wp-json\/wp\/v2\/media\/17855"}],"wp:attachment":[{"href":"https:\/\/www.escueladoblajealicante.com\/en\/wp-json\/wp\/v2\/media?parent=17852"}],"wp:term":[{"taxonomy":"category","embeddable":true,"href":"https:\/\/www.escueladoblajealicante.com\/en\/wp-json\/wp\/v2\/categories?post=17852"},{"taxonomy":"post_tag","embeddable":true,"href":"https:\/\/www.escueladoblajealicante.com\/en\/wp-json\/wp\/v2\/tags?post=17852"}],"curies":[{"name":"wp","href":"https:\/\/api.w.org\/{rel}","templated":true}]}}