{"id":17729,"date":"2025-02-20T16:31:19","date_gmt":"2025-02-20T16:31:19","guid":{"rendered":"https:\/\/www.escueladoblajealicante.com\/?p=17729"},"modified":"2025-02-21T08:11:16","modified_gmt":"2025-02-21T08:11:16","slug":"julio-hernandez","status":"publish","type":"post","link":"https:\/\/www.escueladoblajealicante.com\/en\/julio-hernandez\/","title":{"rendered":"Julio Hern\u00e1ndez"},"content":{"rendered":"<div data-elementor-type=\"wp-post\" data-elementor-id=\"17729\" class=\"elementor elementor-17729\">\n\t\t\t\t<div class=\"elementor-element elementor-element-0f6bfae e-flex e-con-boxed cmsmasters-block-default e-con e-parent\" data-id=\"0f6bfae\" data-element_type=\"container\" data-e-type=\"container\">\n\t\t\t\t\t<div class=\"e-con-inner\">\n\t\t<div class=\"elementor-element elementor-element-979b576 e-con-full e-flex cmsmasters-block-default e-con e-child\" data-id=\"979b576\" data-element_type=\"container\" data-e-type=\"container\">\n\t\t\t\t<div class=\"elementor-element elementor-element-2c725a6 cmsmasters-block-default cmsmasters-sticky-default elementor-widget elementor-widget-image\" data-id=\"2c725a6\" data-element_type=\"widget\" data-e-type=\"widget\" data-widget_type=\"image.default\">\n\t\t\t\t<div class=\"elementor-widget-container\">\n\t\t\t\t\t\t\t\t\t\t\t\t\t\t\t<img fetchpriority=\"high\" decoding=\"async\" width=\"275\" height=\"300\" src=\"https:\/\/www.escueladoblajealicante.com\/wp-content\/uploads\/JULIO-HERNANDEZ-1-275x300.webp\" class=\"attachment-medium size-medium wp-image-17732\" alt=\"\" srcset=\"https:\/\/www.escueladoblajealicante.com\/wp-content\/uploads\/JULIO-HERNANDEZ-1-275x300.webp 275w, https:\/\/www.escueladoblajealicante.com\/wp-content\/uploads\/JULIO-HERNANDEZ-1-939x1024.webp 939w, https:\/\/www.escueladoblajealicante.com\/wp-content\/uploads\/JULIO-HERNANDEZ-1-768x837.webp 768w, https:\/\/www.escueladoblajealicante.com\/wp-content\/uploads\/JULIO-HERNANDEZ-1-300x327.webp 300w, https:\/\/www.escueladoblajealicante.com\/wp-content\/uploads\/JULIO-HERNANDEZ-1-600x654.webp 600w, https:\/\/www.escueladoblajealicante.com\/wp-content\/uploads\/JULIO-HERNANDEZ-1.webp 1031w\" sizes=\"(max-width: 275px) 100vw, 275px\" \/>\t\t\t\t\t\t\t\t\t\t\t\t\t\t\t<\/div>\n\t\t\t\t<\/div>\n\t\t\t\t<\/div>\n\t\t<div class=\"elementor-element elementor-element-2f8ccb6 e-con-full e-flex cmsmasters-block-default e-con e-child\" data-id=\"2f8ccb6\" data-element_type=\"container\" data-e-type=\"container\">\n\t\t\t\t<div class=\"elementor-element elementor-element-c1c9a6b cmsmasters-block-default cmsmasters-sticky-default elementor-widget elementor-widget-heading\" data-id=\"c1c9a6b\" data-element_type=\"widget\" data-e-type=\"widget\" data-widget_type=\"heading.default\">\n\t\t\t\t<div class=\"elementor-widget-container\">\n\t\t\t\t\t<h2 class=\"elementor-heading-title elementor-size-default\">Julio Hern\u00e1ndez<\/h2>\t\t\t\t<\/div>\n\t\t\t\t<\/div>\n\t\t\t\t<div class=\"elementor-element elementor-element-61ee59c cmsmasters-block-default cmsmasters-sticky-default elementor-widget elementor-widget-text-editor\" data-id=\"61ee59c\" data-element_type=\"widget\" data-e-type=\"widget\" data-widget_type=\"text-editor.default\">\n\t\t\t\t<div class=\"elementor-widget-container\">\n\t\t\t\t\t\t\t\t\t<p style=\"text-align: justify;\">Los comienzos de Julio fueron en radios locales de Murcia cuando apenas era un adolescente. La \u00faltima emisora en la que estuvo fue Radio Marca. De ah\u00ed dio el salto a la televisi\u00f3n en la rama t\u00e9cnica como realizador y postproductor, aunque siempre sigui\u00f3 grabando locuciones publicitarias y siendo la voz corporativa de una cadena.<\/p>\n<p style=\"text-align: justify;\">A\u00f1os m\u00e1s tarde se centr\u00f3 en el mundo de la voz y comienz\u00f3 a grabar multitud de documentales y docurealitys, algo que contin\u00faa haciendo: puedes escucharle en todos los canales de AMC Networks (Canal Historia, Odisea, Canal Cocina, Buen Viaje, etc.), as\u00ed como multiplataformas como Movistar o Vodafone. Ha trabajado en este sentido con Netflix grabando varias producciones para la plataforma con estudios de Los \u00c1ngeles.<\/p>\n<p style=\"text-align: justify;\">En ese proceso se continu\u00f3 formando en doblaje y comenz\u00f3 a trabajar de forma asidua. A d\u00eda de hoy graba en varias Comunidades Aut\u00f3nomas y puedes o\u00edrlo en producciones de Atresmedia, Mediaset, Netflix, Primevideo, HBOMAX, Disneyplus, etc.<\/p>\n<p style=\"text-align: justify;\">Actualmente es la voz de Kaito, en Dragon Ball Z Kai, Fu o Cornello en Fullmetal Alchemist Broderhood, o el villano Hasmet \u00c7olak del \u00e9xito de Antena 3 Tierra Amarga.<span style=\"color: var( --e-global-color-secondary ); background-color: var(--cmsmasters-body-bg-color); font-size: var(--cmsmasters-base-font-size); font-style: var(--cmsmasters-base-font-style); letter-spacing: var(--cmsmasters-base-letter-spacing); text-transform: var(--cmsmasters-base-text-transform); word-spacing: var(--cmsmasters-base-word-spacing);\">&nbsp;<\/span><\/p>\n<p style=\"text-align: justify;\">Tambi\u00e9n ha ajustado decenas de pel\u00edculas y series, tanto de animaci\u00f3n como de imagen real.<\/p>\n<p style=\"text-align: justify;\">En la actualidad, compagina su labor como actor de doblaje con la docencia, impartiendo cursos, talleres y pr\u00e1cticas en numerosas escuelas de doblaje.<\/p>\n<p style=\"text-align: justify;\">Puedes saber m\u00e1s de \u00e9l en: <a href=\"https:\/\/www.eldoblaje.com\/datos\/KeywordResults.asp?keyword=julio%20hern%E1ndez\">eldoblaje.com<\/a> y <a href=\"http:\/\/usamivoz.com\">usamivoz.com<\/a><\/p>\t\t\t\t\t\t\t\t<\/div>\n\t\t\t\t<\/div>\n\t\t\t\t<\/div>\n\t\t\t\t\t<\/div>\n\t\t\t\t<\/div>\n\t\t\t\t<\/div>","protected":false},"excerpt":{"rendered":"<p>Julio Hern\u00e1ndez Los comienzos de Julio fueron en radios locales de Murcia cuando apenas era un adolescente. La \u00faltima emisora en la que estuvo fue Radio Marca. De ah\u00ed dio&#8230;<\/p>","protected":false},"author":1,"featured_media":17732,"comment_status":"closed","ping_status":"closed","sticky":false,"template":"elementor_header_footer","format":"standard","meta":{"_acf_changed":false,"inline_featured_image":false,"footnotes":""},"categories":[27],"tags":[],"class_list":["post-17729","post","type-post","status-publish","format-standard","has-post-thumbnail","hentry","category-profesor"],"acf":[],"_links":{"self":[{"href":"https:\/\/www.escueladoblajealicante.com\/en\/wp-json\/wp\/v2\/posts\/17729","targetHints":{"allow":["GET"]}}],"collection":[{"href":"https:\/\/www.escueladoblajealicante.com\/en\/wp-json\/wp\/v2\/posts"}],"about":[{"href":"https:\/\/www.escueladoblajealicante.com\/en\/wp-json\/wp\/v2\/types\/post"}],"author":[{"embeddable":true,"href":"https:\/\/www.escueladoblajealicante.com\/en\/wp-json\/wp\/v2\/users\/1"}],"replies":[{"embeddable":true,"href":"https:\/\/www.escueladoblajealicante.com\/en\/wp-json\/wp\/v2\/comments?post=17729"}],"version-history":[{"count":10,"href":"https:\/\/www.escueladoblajealicante.com\/en\/wp-json\/wp\/v2\/posts\/17729\/revisions"}],"predecessor-version":[{"id":17741,"href":"https:\/\/www.escueladoblajealicante.com\/en\/wp-json\/wp\/v2\/posts\/17729\/revisions\/17741"}],"wp:featuredmedia":[{"embeddable":true,"href":"https:\/\/www.escueladoblajealicante.com\/en\/wp-json\/wp\/v2\/media\/17732"}],"wp:attachment":[{"href":"https:\/\/www.escueladoblajealicante.com\/en\/wp-json\/wp\/v2\/media?parent=17729"}],"wp:term":[{"taxonomy":"category","embeddable":true,"href":"https:\/\/www.escueladoblajealicante.com\/en\/wp-json\/wp\/v2\/categories?post=17729"},{"taxonomy":"post_tag","embeddable":true,"href":"https:\/\/www.escueladoblajealicante.com\/en\/wp-json\/wp\/v2\/tags?post=17729"}],"curies":[{"name":"wp","href":"https:\/\/api.w.org\/{rel}","templated":true}]}}