{"id":17333,"date":"2024-11-12T14:08:29","date_gmt":"2024-11-12T14:08:29","guid":{"rendered":"https:\/\/escueladoblajealicante.com\/?p=17333"},"modified":"2024-11-12T14:13:29","modified_gmt":"2024-11-12T14:13:29","slug":"eduardo-gutierrez-guti","status":"publish","type":"post","link":"https:\/\/www.escueladoblajealicante.com\/en\/eduardo-gutierrez-guti\/","title":{"rendered":"Eduardo Gutierrez &#8216;Guti&#8217;"},"content":{"rendered":"<div data-elementor-type=\"wp-post\" data-elementor-id=\"17333\" class=\"elementor elementor-17333\">\n\t\t\t\t<div class=\"elementor-element elementor-element-0f6bfae e-flex e-con-boxed cmsmasters-block-default e-con e-parent\" data-id=\"0f6bfae\" data-element_type=\"container\" data-e-type=\"container\">\n\t\t\t\t\t<div class=\"e-con-inner\">\n\t\t<div class=\"elementor-element elementor-element-979b576 e-con-full e-flex cmsmasters-block-default e-con e-child\" data-id=\"979b576\" data-element_type=\"container\" data-e-type=\"container\">\n\t\t\t\t<div class=\"elementor-element elementor-element-2c725a6 cmsmasters-block-default cmsmasters-sticky-default elementor-widget elementor-widget-image\" data-id=\"2c725a6\" data-element_type=\"widget\" data-e-type=\"widget\" data-widget_type=\"image.default\">\n\t\t\t\t<div class=\"elementor-widget-container\">\n\t\t\t\t\t\t\t\t\t\t\t\t\t\t\t<img fetchpriority=\"high\" decoding=\"async\" width=\"275\" height=\"300\" src=\"https:\/\/www.escueladoblajealicante.com\/wp-content\/uploads\/2024\/11\/Guti-275x300.jpg\" class=\"attachment-medium size-medium wp-image-17354\" alt=\"\" srcset=\"https:\/\/www.escueladoblajealicante.com\/wp-content\/uploads\/2024\/11\/Guti-275x300.jpg 275w, https:\/\/www.escueladoblajealicante.com\/wp-content\/uploads\/2024\/11\/Guti-939x1024.jpg 939w, https:\/\/www.escueladoblajealicante.com\/wp-content\/uploads\/2024\/11\/Guti-768x837.jpg 768w, https:\/\/www.escueladoblajealicante.com\/wp-content\/uploads\/2024\/11\/Guti-300x327.jpg 300w, https:\/\/www.escueladoblajealicante.com\/wp-content\/uploads\/2024\/11\/Guti-600x654.jpg 600w, https:\/\/www.escueladoblajealicante.com\/wp-content\/uploads\/2024\/11\/Guti.jpg 1031w\" sizes=\"(max-width: 275px) 100vw, 275px\" \/>\t\t\t\t\t\t\t\t\t\t\t\t\t\t\t<\/div>\n\t\t\t\t<\/div>\n\t\t\t\t<\/div>\n\t\t<div class=\"elementor-element elementor-element-2f8ccb6 e-con-full e-flex cmsmasters-block-default e-con e-child\" data-id=\"2f8ccb6\" data-element_type=\"container\" data-e-type=\"container\">\n\t\t\t\t<div class=\"elementor-element elementor-element-c1c9a6b cmsmasters-block-default cmsmasters-sticky-default elementor-widget elementor-widget-heading\" data-id=\"c1c9a6b\" data-element_type=\"widget\" data-e-type=\"widget\" data-widget_type=\"heading.default\">\n\t\t\t\t<div class=\"elementor-widget-container\">\n\t\t\t\t\t<h2 class=\"elementor-heading-title elementor-size-default\">Eduardo Gutierrez 'Guti'<\/h2>\t\t\t\t<\/div>\n\t\t\t\t<\/div>\n\t\t\t\t<div class=\"elementor-element elementor-element-61ee59c cmsmasters-block-default cmsmasters-sticky-default elementor-widget elementor-widget-text-editor\" data-id=\"61ee59c\" data-element_type=\"widget\" data-e-type=\"widget\" data-widget_type=\"text-editor.default\">\n\t\t\t\t<div class=\"elementor-widget-container\">\n\t\t\t\t\t\t\t\t\t<p style=\"text-align: justify;\">Eduardo Gutierrez, toledano de nacimiento, se inici\u00f3 en el mundo de la interpretaci\u00f3n de la mano del teatro donde r\u00e1pidamente destac\u00f3 por su voz y acab\u00f3 conduci\u00e9ndole al atril y el micr\u00f3fono.\u00a0<\/p><p style=\"text-align: justify;\">Sobre las tablas ha defendido una treintena de obras: \u00abEscuadra hacia la muerte\u00bb, \u00abLa casa de las chivas\u00bb, \u00abEl enfermo imaginario\u00bb o \u00abCal\u00edgula\u00bb, son algunas de las m\u00e1s destacadas. En cine ha participado en la pel\u00edcula \u00ab75 d\u00edas\u00bb de Marc Romero.<br \/><br \/>Ha participado en m\u00e1s de 1000 t\u00edtulos como actor de doblaje y 500 como director. Ha recibido la nominaci\u00f3n en el Festival Internacional de Cine de Gij\u00f3n como mejor actor, ha obtenido varios premios como los SIGNO, y galardonado por la \u00abMejor adaptaci\u00f3n para doblaje\u00bb en la 3\u00aa edici\u00f3n de los Premios ATRAE.<\/p><p style=\"text-align: justify;\">Sin embargo, por lo que m\u00e1s le conocemos es por ser la voz habitual de Seth MacFarlane, Tony Danza, Ewen Bremner, Pauly Shore, David Cross y Stewie Griffin en Padre de familia o del querido Dobby de la saga Haary Potter entre otros muchos.<\/p><p style=\"text-align: justify;\">Entre sus trabajos m\u00e1s destacados como director de doblaje se encuentran: \u00abAmerican Beauty\u00bb, \u00abEl gran Lebowsky\u00bb, \u00abEl sexto sentido\u00bb, \u00abBuscando a Nemo\u00bb, \u00abPearl Harbor\u00bb, \u00abX-Men\u00bb, \u00abHarry Potter\u00bb, \u00abEl chico y la garza\u00bb o las series \u00abPadre de familia\u00bb, \u00abDexter\u00bb o \u00abTed\u00bb.<\/p><p style=\"text-align: justify;\">Es todo un honor y un privilegio poder contar en EDA con uno de los actores y directores de doblaje m\u00e1s importantes de nuestro pa\u00eds.<\/p>\t\t\t\t\t\t\t\t<\/div>\n\t\t\t\t<\/div>\n\t\t\t\t<div class=\"elementor-element elementor-element-75d6226 cmsmasters-block-default cmsmasters-sticky-default elementor-widget elementor-widget-video\" data-id=\"75d6226\" data-element_type=\"widget\" data-e-type=\"widget\" data-settings=\"{&quot;youtube_url&quot;:&quot;https:\\\/\\\/www.youtube.com\\\/watch?v=v3D5FLpt9hk&quot;,&quot;video_type&quot;:&quot;youtube&quot;,&quot;controls&quot;:&quot;yes&quot;}\" data-widget_type=\"video.default\">\n\t\t\t\t<div class=\"elementor-widget-container\">\n\t\t\t\t\t\t\t<div class=\"elementor-wrapper elementor-open-inline\">\n\t\t\t<div class=\"elementor-video\"><\/div>\t\t<\/div>\n\t\t\t\t\t\t<\/div>\n\t\t\t\t<\/div>\n\t\t\t\t<\/div>\n\t\t\t\t\t<\/div>\n\t\t\t\t<\/div>\n\t\t\t\t<\/div>","protected":false},"excerpt":{"rendered":"<p>Eduardo Gutierrez &#8216;Guti&#8217; Eduardo Gutierrez, toledano de nacimiento, se inici\u00f3 en el mundo de la interpretaci\u00f3n de la mano del teatro donde r\u00e1pidamente destac\u00f3 por su voz y acab\u00f3 conduci\u00e9ndole&#8230;<\/p>","protected":false},"author":1,"featured_media":17354,"comment_status":"closed","ping_status":"closed","sticky":false,"template":"elementor_header_footer","format":"standard","meta":{"_acf_changed":false,"inline_featured_image":false,"footnotes":""},"categories":[27],"tags":[],"class_list":["post-17333","post","type-post","status-publish","format-standard","has-post-thumbnail","hentry","category-profesor"],"acf":[],"_links":{"self":[{"href":"https:\/\/www.escueladoblajealicante.com\/en\/wp-json\/wp\/v2\/posts\/17333","targetHints":{"allow":["GET"]}}],"collection":[{"href":"https:\/\/www.escueladoblajealicante.com\/en\/wp-json\/wp\/v2\/posts"}],"about":[{"href":"https:\/\/www.escueladoblajealicante.com\/en\/wp-json\/wp\/v2\/types\/post"}],"author":[{"embeddable":true,"href":"https:\/\/www.escueladoblajealicante.com\/en\/wp-json\/wp\/v2\/users\/1"}],"replies":[{"embeddable":true,"href":"https:\/\/www.escueladoblajealicante.com\/en\/wp-json\/wp\/v2\/comments?post=17333"}],"version-history":[{"count":25,"href":"https:\/\/www.escueladoblajealicante.com\/en\/wp-json\/wp\/v2\/posts\/17333\/revisions"}],"predecessor-version":[{"id":17360,"href":"https:\/\/www.escueladoblajealicante.com\/en\/wp-json\/wp\/v2\/posts\/17333\/revisions\/17360"}],"wp:featuredmedia":[{"embeddable":true,"href":"https:\/\/www.escueladoblajealicante.com\/en\/wp-json\/wp\/v2\/media\/17354"}],"wp:attachment":[{"href":"https:\/\/www.escueladoblajealicante.com\/en\/wp-json\/wp\/v2\/media?parent=17333"}],"wp:term":[{"taxonomy":"category","embeddable":true,"href":"https:\/\/www.escueladoblajealicante.com\/en\/wp-json\/wp\/v2\/categories?post=17333"},{"taxonomy":"post_tag","embeddable":true,"href":"https:\/\/www.escueladoblajealicante.com\/en\/wp-json\/wp\/v2\/tags?post=17333"}],"curies":[{"name":"wp","href":"https:\/\/api.w.org\/{rel}","templated":true}]}}