{"id":1176,"date":"2024-09-27T14:55:42","date_gmt":"2024-09-27T14:55:42","guid":{"rendered":"https:\/\/escueladoblajealicante.com\/?p=1176"},"modified":"2024-09-27T15:00:52","modified_gmt":"2024-09-27T15:00:52","slug":"emma-caballero","status":"publish","type":"post","link":"https:\/\/www.escueladoblajealicante.com\/en\/emma-caballero\/","title":{"rendered":"Emma Caballero"},"content":{"rendered":"<div data-elementor-type=\"wp-post\" data-elementor-id=\"1176\" class=\"elementor elementor-1176\">\n\t\t\t\t<div class=\"elementor-element elementor-element-0f6bfae e-flex e-con-boxed cmsmasters-block-default e-con e-parent\" data-id=\"0f6bfae\" data-element_type=\"container\" data-e-type=\"container\">\n\t\t\t\t\t<div class=\"e-con-inner\">\n\t\t<div class=\"elementor-element elementor-element-979b576 e-con-full e-flex cmsmasters-block-default e-con e-child\" data-id=\"979b576\" data-element_type=\"container\" data-e-type=\"container\">\n\t\t\t\t<div class=\"elementor-element elementor-element-2c725a6 cmsmasters-block-default cmsmasters-sticky-default elementor-widget elementor-widget-image\" data-id=\"2c725a6\" data-element_type=\"widget\" data-e-type=\"widget\" data-widget_type=\"image.default\">\n\t\t\t\t<div class=\"elementor-widget-container\">\n\t\t\t\t\t\t\t\t\t\t\t\t\t\t\t<img fetchpriority=\"high\" decoding=\"async\" width=\"275\" height=\"300\" src=\"https:\/\/www.escueladoblajealicante.com\/wp-content\/uploads\/2024\/09\/Emma-Caballero-e1727449181690-275x300.jpeg\" class=\"attachment-medium size-medium wp-image-1177\" alt=\"\" srcset=\"https:\/\/www.escueladoblajealicante.com\/wp-content\/uploads\/2024\/09\/Emma-Caballero-e1727449181690-275x300.jpeg 275w, https:\/\/www.escueladoblajealicante.com\/wp-content\/uploads\/2024\/09\/Emma-Caballero-e1727449181690-939x1024.jpeg 939w, https:\/\/www.escueladoblajealicante.com\/wp-content\/uploads\/2024\/09\/Emma-Caballero-e1727449181690-768x837.jpeg 768w, https:\/\/www.escueladoblajealicante.com\/wp-content\/uploads\/2024\/09\/Emma-Caballero-e1727449181690-300x327.jpeg 300w, https:\/\/www.escueladoblajealicante.com\/wp-content\/uploads\/2024\/09\/Emma-Caballero-e1727449181690-600x654.jpeg 600w, https:\/\/www.escueladoblajealicante.com\/wp-content\/uploads\/2024\/09\/Emma-Caballero-e1727449181690.jpeg 1031w\" sizes=\"(max-width: 275px) 100vw, 275px\" \/>\t\t\t\t\t\t\t\t\t\t\t\t\t\t\t<\/div>\n\t\t\t\t<\/div>\n\t\t\t\t<\/div>\n\t\t<div class=\"elementor-element elementor-element-2f8ccb6 e-con-full e-flex cmsmasters-block-default e-con e-child\" data-id=\"2f8ccb6\" data-element_type=\"container\" data-e-type=\"container\">\n\t\t\t\t<div class=\"elementor-element elementor-element-c1c9a6b cmsmasters-block-default cmsmasters-sticky-default elementor-widget elementor-widget-heading\" data-id=\"c1c9a6b\" data-element_type=\"widget\" data-e-type=\"widget\" data-widget_type=\"heading.default\">\n\t\t\t\t<div class=\"elementor-widget-container\">\n\t\t\t\t\t<h2 class=\"elementor-heading-title elementor-size-default\">Emma Caballero<\/h2>\t\t\t\t<\/div>\n\t\t\t\t<\/div>\n\t\t\t\t<div class=\"elementor-element elementor-element-61ee59c cmsmasters-block-default cmsmasters-sticky-default elementor-widget elementor-widget-text-editor\" data-id=\"61ee59c\" data-element_type=\"widget\" data-e-type=\"widget\" data-widget_type=\"text-editor.default\">\n\t\t\t\t<div class=\"elementor-widget-container\">\n\t\t\t\t\t\t\t\t\t<p style=\"text-align: justify;\">Formada en interpretaci\u00f3n con Cristina Rota y con Fernando Piernas, ha participado en series de TV, como: \u00abAmar es para siempre\u00bb, \u00abBandolera\u00bb, \u00abEl Caso Wanninkhof\u00bb o \u00abEl porvenir es largo\u00bb. En cine ha trabajado, entre otras pel\u00edculas, en: \u00abCervantes: La B\u00fasqueda\u00bb, de Javier Balaguer, \u00abUn Dios Prohibido\u00bb, del director Pablo Moreno, \u00abPol\u00edtica Correcta\u00bb, de Bel\u00e9n Anguas, \u00abEl Manuscrito Vindel\u00bb, de los directores Luis y Jos\u00e9 Manuel Fern\u00e1ndez-Jard\u00f3n, \u00abCoda 77\u00bb, de Daniel Cabrero, \u00abMaleza\u00bb, de Rub\u00e9n Arnaiz, \u00abMolinos de viento\u00bb, de Ana Victoria P\u00e9rez y \u00abEl Hogar\u00bb, el multipremiado largometraje dirigido por el asturiano Julio de la Fuente.<\/p><p style=\"text-align: justify;\">Actualmente compagina la actuaci\u00f3n con la docencia, siendo profesora de interpretaci\u00f3n en la Academia International Dance School de Sant Joan d\u2019Alacant.<\/p><p style=\"text-align: justify;\">Tambi\u00e9n colabora como rapsoda en el programa de radio \u00abDo You Know What I Mean\u00bb de Radio Mon\u00f3var, dirigido por Carlos Maluenda.<\/p>\t\t\t\t\t\t\t\t<\/div>\n\t\t\t\t<\/div>\n\t\t\t\t<\/div>\n\t\t\t\t\t<\/div>\n\t\t\t\t<\/div>\n\t\t\t\t<\/div>","protected":false},"excerpt":{"rendered":"<p>Emma Caballero Formada en interpretaci\u00f3n con Cristina Rota y con Fernando Piernas, ha participado en series de TV, como: \u00abAmar es para siempre\u00bb, \u00abBandolera\u00bb, \u00abEl Caso Wanninkhof\u00bb o \u00abEl porvenir&#8230;<\/p>","protected":false},"author":1,"featured_media":1177,"comment_status":"closed","ping_status":"closed","sticky":false,"template":"elementor_header_footer","format":"standard","meta":{"_acf_changed":false,"inline_featured_image":false,"footnotes":""},"categories":[27],"tags":[],"class_list":["post-1176","post","type-post","status-publish","format-standard","has-post-thumbnail","hentry","category-profesor"],"acf":[],"_links":{"self":[{"href":"https:\/\/www.escueladoblajealicante.com\/en\/wp-json\/wp\/v2\/posts\/1176","targetHints":{"allow":["GET"]}}],"collection":[{"href":"https:\/\/www.escueladoblajealicante.com\/en\/wp-json\/wp\/v2\/posts"}],"about":[{"href":"https:\/\/www.escueladoblajealicante.com\/en\/wp-json\/wp\/v2\/types\/post"}],"author":[{"embeddable":true,"href":"https:\/\/www.escueladoblajealicante.com\/en\/wp-json\/wp\/v2\/users\/1"}],"replies":[{"embeddable":true,"href":"https:\/\/www.escueladoblajealicante.com\/en\/wp-json\/wp\/v2\/comments?post=1176"}],"version-history":[{"count":15,"href":"https:\/\/www.escueladoblajealicante.com\/en\/wp-json\/wp\/v2\/posts\/1176\/revisions"}],"predecessor-version":[{"id":1192,"href":"https:\/\/www.escueladoblajealicante.com\/en\/wp-json\/wp\/v2\/posts\/1176\/revisions\/1192"}],"wp:featuredmedia":[{"embeddable":true,"href":"https:\/\/www.escueladoblajealicante.com\/en\/wp-json\/wp\/v2\/media\/1177"}],"wp:attachment":[{"href":"https:\/\/www.escueladoblajealicante.com\/en\/wp-json\/wp\/v2\/media?parent=1176"}],"wp:term":[{"taxonomy":"category","embeddable":true,"href":"https:\/\/www.escueladoblajealicante.com\/en\/wp-json\/wp\/v2\/categories?post=1176"},{"taxonomy":"post_tag","embeddable":true,"href":"https:\/\/www.escueladoblajealicante.com\/en\/wp-json\/wp\/v2\/tags?post=1176"}],"curies":[{"name":"wp","href":"https:\/\/api.w.org\/{rel}","templated":true}]}}